{"id":25974,"date":"2025-10-01T01:52:01","date_gmt":"2025-10-01T00:52:01","guid":{"rendered":"http:\/\/www.associationdemarie.org\/blog\/?p=25974"},"modified":"2025-09-11T06:57:43","modified_gmt":"2025-09-11T05:57:43","slug":"le-fils-de-lhomme-na-pas-dendroit-ou-reposer-la-tete-4","status":"publish","type":"post","link":"https:\/\/www.associationdemarie.org\/blog\/le-fils-de-lhomme-na-pas-dendroit-ou-reposer-la-tete-4\/","title":{"rendered":"\u00ab Le Fils de l\u2019homme n\u2019a pas d\u2019endroit o\u00f9 reposer la t\u00eate. \u00bb"},"content":{"rendered":"\n<figure class=\"wp-block-image\"><img loading=\"lazy\" decoding=\"async\" width=\"730\" height=\"605\" src=\"https:\/\/www.associationdemarie.org\/blog\/wp-content\/uploads\/2025\/09\/1-10-Pluie-de-roses_cropped2-1.jpeg\" alt=\"\" class=\"wp-image-25976\" srcset=\"https:\/\/www.associationdemarie.org\/blog\/wp-content\/uploads\/2025\/09\/1-10-Pluie-de-roses_cropped2-1.jpeg 730w, https:\/\/www.associationdemarie.org\/blog\/wp-content\/uploads\/2025\/09\/1-10-Pluie-de-roses_cropped2-1-300x249.jpeg 300w\" sizes=\"auto, (max-width: 730px) 100vw, 730px\" \/><\/figure>\n\n\n\n<p>Rappelle-toi de la gloire du P\u00e8re Rappelle-toi des divines splendeurs Que tu quittas t&rsquo;exilant sur la terre Pour racheter tous les pauvres p\u00e9cheurs \u00d4 J\u00e9sus\u00a0! t&rsquo;abaissant vers la Vierge Marie Tu voilas ta grandeur et ta gloire infinie Ah\u00a0! du sein maternel Qui fut ton second Ciel Rappelle-toi\u2026 Rappelle-toi que sur d&rsquo;autres rivages Les astres d&rsquo;or et la lune d&rsquo;argent Que je contemple en l&rsquo;azur sans nuages Ont r\u00e9joui, charm\u00e9 tes yeux d&rsquo;Enfant. De ta petite main qui caressait Marie Tu soutenais le monde et lui donnais la vie. Et tu pensais \u00e0 moi, J\u00e9sus, mon petit Roi Rappelle-toi. Rappelle-toi que dans la solitude Tu travaillais de tes divines mains Vivre oubli\u00e9 fut ta plus douce \u00e9tude Tu rejetas le savoir des humains \u00d4 Toi\u00a0! qui d&rsquo;un seul mot pouvais charmer le monde Tu te plus \u00e0 cacher ta sagesse profonde. Tu parus ignorant, \u00d4 Seigneur Tout-Puissant\u00a0! Rappelle-toi. Rappelle-toi qu&rsquo;\u00e9tranger sur la terre, Tu fus errant, toi le Verbe \u00c9ternel, Tu n&rsquo;avais rien\u00a0; non, pas m\u00eame une pierre Pas un abri, comme l&rsquo;oiseau du ciel. \u00d4 J\u00e9sus\u00a0! viens en moi, viens reposer ta T\u00eate, Viens, \u00e0 te recevoir mon \u00e2me est toute pr\u00eate Mon Bien-Aim\u00e9 Sauveur Repose dans mon c\u0153ur Il est \u00e0 Toi.<\/p>\n\n\n\n<h4 class=\"wp-block-heading\">Sainte Th\u00e9r\u00e8se de l&rsquo;Enfant J\u00e9sus (1873-1897)<\/h4>\n","protected":false},"excerpt":{"rendered":"<p>Rappelle-toi de la gloire du P\u00e8re Rappelle-toi des divines splendeurs Que tu quittas t&rsquo;exilant sur la terre Pour racheter tous les pauvres p\u00e9cheurs \u00d4 J\u00e9sus\u00a0! t&rsquo;abaissant vers la Vierge Marie Tu voilas ta grandeur et ta gloire infinie Ah\u00a0! du sein maternel Qui fut ton second Ciel Rappelle-toi\u2026 Rappelle-toi que sur d&rsquo;autres rivages Les astres [&hellip;]<\/p>\n","protected":false},"author":2,"featured_media":0,"comment_status":"closed","ping_status":"closed","sticky":false,"template":"","format":"standard","meta":{"footnotes":""},"categories":[28],"tags":[415,1107],"class_list":["post-25974","post","type-post","status-publish","format-standard","hentry","category-saints-et-saintes","tag-fils-de-lhomme","tag-ste-therese"],"_links":{"self":[{"href":"https:\/\/www.associationdemarie.org\/blog\/wp-json\/wp\/v2\/posts\/25974","targetHints":{"allow":["GET"]}}],"collection":[{"href":"https:\/\/www.associationdemarie.org\/blog\/wp-json\/wp\/v2\/posts"}],"about":[{"href":"https:\/\/www.associationdemarie.org\/blog\/wp-json\/wp\/v2\/types\/post"}],"author":[{"embeddable":true,"href":"https:\/\/www.associationdemarie.org\/blog\/wp-json\/wp\/v2\/users\/2"}],"replies":[{"embeddable":true,"href":"https:\/\/www.associationdemarie.org\/blog\/wp-json\/wp\/v2\/comments?post=25974"}],"version-history":[{"count":2,"href":"https:\/\/www.associationdemarie.org\/blog\/wp-json\/wp\/v2\/posts\/25974\/revisions"}],"predecessor-version":[{"id":25977,"href":"https:\/\/www.associationdemarie.org\/blog\/wp-json\/wp\/v2\/posts\/25974\/revisions\/25977"}],"wp:attachment":[{"href":"https:\/\/www.associationdemarie.org\/blog\/wp-json\/wp\/v2\/media?parent=25974"}],"wp:term":[{"taxonomy":"category","embeddable":true,"href":"https:\/\/www.associationdemarie.org\/blog\/wp-json\/wp\/v2\/categories?post=25974"},{"taxonomy":"post_tag","embeddable":true,"href":"https:\/\/www.associationdemarie.org\/blog\/wp-json\/wp\/v2\/tags?post=25974"}],"curies":[{"name":"wp","href":"https:\/\/api.w.org\/{rel}","templated":true}]}}