{"id":25968,"date":"2025-09-29T01:20:18","date_gmt":"2025-09-29T00:20:18","guid":{"rendered":"http:\/\/www.associationdemarie.org\/blog\/?p=25968"},"modified":"2025-09-10T08:22:30","modified_gmt":"2025-09-10T07:22:30","slug":"fete-des-saints-michel-gabriel-et-raphael-archanges-7","status":"publish","type":"post","link":"https:\/\/www.associationdemarie.org\/blog\/fete-des-saints-michel-gabriel-et-raphael-archanges-7\/","title":{"rendered":"F\u00eate des saints Michel, Gabriel et Rapha\u00ebl, archanges"},"content":{"rendered":"\n<figure class=\"wp-block-image\"><img loading=\"lazy\" decoding=\"async\" width=\"707\" height=\"402\" src=\"https:\/\/www.associationdemarie.org\/blog\/wp-content\/uploads\/2025\/09\/29-09-archanges.jpg\" alt=\"\" class=\"wp-image-25969\" srcset=\"https:\/\/www.associationdemarie.org\/blog\/wp-content\/uploads\/2025\/09\/29-09-archanges.jpg 707w, https:\/\/www.associationdemarie.org\/blog\/wp-content\/uploads\/2025\/09\/29-09-archanges-300x171.jpg 300w\" sizes=\"auto, (max-width: 707px) 100vw, 707px\" \/><\/figure>\n\n\n\n<p>Tu as pr\u00e9par\u00e9 les troupes des anges et les arm\u00e9es divines pour \u00eatre les demeures accueillantes et les r\u00e9ceptacles v\u00e9n\u00e9rables de ta divine splendeur, les spectateurs de ta gloire, debout pr\u00e8s de ton tr\u00f4ne, ex\u00e9cutant avec force et efficacit\u00e9 ta parole et accomplissant \u00e9nergiquement tes commandements, Ami de l\u2019homme.<\/p>\n\n\n\n<p>Comme tu voulais, toi qui es bon, manifester l\u2019ab\u00eeme de ta bont\u00e9, Dieu sans commencement, tu as cr\u00e9\u00e9 d\u2019abord, par ton pouvoir tout-puissant et ton ordre divin, les ch\u0153urs des Anges et les cohortes des Puissances ; car il fallait, en v\u00e9rit\u00e9, que le bien se r\u00e9pand\u00eet et se propage\u00e2t, de sorte que plus nombreux fussent les b\u00e9n\u00e9ficiaires de ta bont\u00e9, \u00f4 Ma\u00eetre.<\/p>\n\n\n\n<p>Les S\u00e9raphins aux six ailes, les Ch\u00e9rubins aux yeux sans nombre, t\u2019entourent avec les Tr\u00f4nes sublimes, participant sans interm\u00e9diaire \u00e0 ta splendeur primordiale ; les Dominations, les Principaut\u00e9s, les Puissances, les Archanges, les Anges et les Vertus divines, en acclamant ta gloire, \u00d4 Tout-Puissant, te supplient en notre faveur.<\/p>\n\n\n\n<h4 class=\"wp-block-heading\">Livre d&rsquo;heures du Sina\u00ef (9e si\u00e8cle)<\/h4>\n","protected":false},"excerpt":{"rendered":"<p>Tu as pr\u00e9par\u00e9 les troupes des anges et les arm\u00e9es divines pour \u00eatre les demeures accueillantes et les r\u00e9ceptacles v\u00e9n\u00e9rables de ta divine splendeur, les spectateurs de ta gloire, debout pr\u00e8s de ton tr\u00f4ne, ex\u00e9cutant avec force et efficacit\u00e9 ta parole et accomplissant \u00e9nergiquement tes commandements, Ami de l\u2019homme. Comme tu voulais, toi qui es [&hellip;]<\/p>\n","protected":false},"author":2,"featured_media":0,"comment_status":"closed","ping_status":"closed","sticky":false,"template":"","format":"standard","meta":{"footnotes":""},"categories":[3,28],"tags":[93,94,95,96],"class_list":["post-25968","post","type-post","status-publish","format-standard","hentry","category-liturgique","category-saints-et-saintes","tag-archange-gabriel","tag-archange-raphael","tag-archange-st-michel","tag-archanges"],"_links":{"self":[{"href":"https:\/\/www.associationdemarie.org\/blog\/wp-json\/wp\/v2\/posts\/25968","targetHints":{"allow":["GET"]}}],"collection":[{"href":"https:\/\/www.associationdemarie.org\/blog\/wp-json\/wp\/v2\/posts"}],"about":[{"href":"https:\/\/www.associationdemarie.org\/blog\/wp-json\/wp\/v2\/types\/post"}],"author":[{"embeddable":true,"href":"https:\/\/www.associationdemarie.org\/blog\/wp-json\/wp\/v2\/users\/2"}],"replies":[{"embeddable":true,"href":"https:\/\/www.associationdemarie.org\/blog\/wp-json\/wp\/v2\/comments?post=25968"}],"version-history":[{"count":1,"href":"https:\/\/www.associationdemarie.org\/blog\/wp-json\/wp\/v2\/posts\/25968\/revisions"}],"predecessor-version":[{"id":25970,"href":"https:\/\/www.associationdemarie.org\/blog\/wp-json\/wp\/v2\/posts\/25968\/revisions\/25970"}],"wp:attachment":[{"href":"https:\/\/www.associationdemarie.org\/blog\/wp-json\/wp\/v2\/media?parent=25968"}],"wp:term":[{"taxonomy":"category","embeddable":true,"href":"https:\/\/www.associationdemarie.org\/blog\/wp-json\/wp\/v2\/categories?post=25968"},{"taxonomy":"post_tag","embeddable":true,"href":"https:\/\/www.associationdemarie.org\/blog\/wp-json\/wp\/v2\/tags?post=25968"}],"curies":[{"name":"wp","href":"https:\/\/api.w.org\/{rel}","templated":true}]}}