{"id":25944,"date":"2025-09-21T01:57:38","date_gmt":"2025-09-21T00:57:38","guid":{"rendered":"http:\/\/www.associationdemarie.org\/blog\/?p=25944"},"modified":"2025-09-05T07:00:12","modified_gmt":"2025-09-05T06:00:12","slug":"st-matthieu","status":"publish","type":"post","link":"https:\/\/www.associationdemarie.org\/blog\/st-matthieu\/","title":{"rendered":"St Matthieu"},"content":{"rendered":"\n<figure class=\"wp-block-image\"><img loading=\"lazy\" decoding=\"async\" width=\"654\" height=\"1024\" src=\"https:\/\/www.associationdemarie.org\/blog\/wp-content\/uploads\/2025\/09\/21-09-654x1024.jpg\" alt=\"\" class=\"wp-image-25945\" srcset=\"https:\/\/www.associationdemarie.org\/blog\/wp-content\/uploads\/2025\/09\/21-09-654x1024.jpg 654w, https:\/\/www.associationdemarie.org\/blog\/wp-content\/uploads\/2025\/09\/21-09-192x300.jpg 192w, https:\/\/www.associationdemarie.org\/blog\/wp-content\/uploads\/2025\/09\/21-09.jpg 703w\" sizes=\"auto, (max-width: 654px) 100vw, 654px\" \/><\/figure>\n\n\n\n<p>Matthieu  \u00e9tait probablement galil\u00e9en de naissance. Il exer\u00e7ait la profession de  publicain ou de receveur des tributs pour les romains, profession tr\u00e8s  odieuse parmi les juifs. Son nom fut d&rsquo;abord L\u00e9vi. Il \u00e9tait \u00e0 son  bureau, pr\u00e8s du lac de G\u00e9n\u00e9sareth, o\u00f9 apparemment il recevait le droit  de p\u00e9age, lorsque J\u00e9sus-Christ l&rsquo;aper\u00e7ut et l&rsquo;appela. Sa place \u00e9tait  avantageuse ; mais aucune consid\u00e9ration ne l&rsquo;arr\u00eata, et il se mit  aussit\u00f4t \u00e0 la suite du Sauveur. Celui qui l&rsquo;appelait par sa parole le  touchait en m\u00eame temps par l&rsquo;action int\u00e9rieure de sa gr\u00e2ce.  <\/p>\n\n\n\n<p>L\u00e9vi,\n appel\u00e9 Matthieu apr\u00e8s sa conversion, invita J\u00e9sus-Christ et ses \ndisciples \u00e0 manger chez lui&nbsp;; il appela m\u00eame au festin ses amis, \nesp\u00e9rant sans doute que les entretiens de J\u00e9sus les attireraient aussi \u00e0\n Lui. C&rsquo;est \u00e0 cette occasion que les pharisiens dirent aux disciples du \nsauveur&nbsp;: \u00ab&nbsp;<em>Pourquoi votre ma\u00eetre mange-t-il avec les publicains et les p\u00e9cheurs&nbsp;?<\/em>&nbsp;\u00bb Et J\u00e9sus, entendant leurs murmures, r\u00e9pondit ces belles paroles&nbsp;: \u00ab&nbsp;<em>Les\n m\u00e9decins sont pour les malades et non pour ceux qui sont en bonne \nsant\u00e9. Sachez-le donc bien, je veux la mis\u00e9ricorde et non le sacrifice&nbsp;;\n car je suis venu appeler non les justes, mais les p\u00e9cheurs.<\/em>&nbsp;\u00bb<\/p>\n\n\n\n<p>Apr\u00e8s\n l&rsquo;Ascension, saint Matthieu convertit un grand nombre d&rsquo;\u00e2mes en Jud\u00e9e&nbsp;;\n puis il alla pr\u00eacher en Orient, o\u00f9 il souffrit le martyre. Il est le \npremier qui ait \u00e9crit l&rsquo;histoire de Notre-Seigneur et sa doctrine, \nrenferm\u00e9es dans l&rsquo;\u00e9vangile qui porte son nom. On remarque, dans \nl&rsquo;\u00e9vangile de saint Matthieu, qu&rsquo;il se nomme le publicain, par humilit\u00e9,\n aveu touchant, et qui nous montre bien le disciple fid\u00e8le de celui qui a\n dit&nbsp;: \u00ab&nbsp;<em>Apprenez de moi que je suis doux et humble de c\u0153ur.<\/em>&nbsp;\u00bb\n On rapporte qu&rsquo;il \u00e9vang\u00e9lisa l&rsquo;\u00c9thiopie. L\u00e0, il se rendit populaire par\n un miracle&nbsp;: il fit le signe de la croix sur deux dragons tr\u00e8s \nredout\u00e9s, les rendit doux comme des agneaux et leur commanda de s&rsquo;enfuir\n dans leurs repaires.<\/p>\n\n\n\n<p>Ce\n fut le signal de la conversion d&rsquo;un grand nombre. La r\u00e9surrection du \nfils du roi, au nom de J\u00e9sus-Christ, produisit un effet plus grand \nencore et fut la cause de la conversion de la maison royale et de tout \nle pays. On attribue \u00e0 saint Matthieu l&rsquo;institution du premier couvent \ndes vierges. C&rsquo;est en d\u00e9fendant contre les atteintes d&rsquo;un prince une \nvierge consacr\u00e9e au Seigneur, que le saint ap\u00f4tre re\u00e7ut le coup de la \nmort sur les marches de l&rsquo;autel.<\/p>\n","protected":false},"excerpt":{"rendered":"<p>Matthieu \u00e9tait probablement galil\u00e9en de naissance. Il exer\u00e7ait la profession de publicain ou de receveur des tributs pour les romains, profession tr\u00e8s odieuse parmi les juifs. Son nom fut d&rsquo;abord L\u00e9vi. Il \u00e9tait \u00e0 son bureau, pr\u00e8s du lac de G\u00e9n\u00e9sareth, o\u00f9 apparemment il recevait le droit de p\u00e9age, lorsque J\u00e9sus-Christ l&rsquo;aper\u00e7ut et l&rsquo;appela. Sa [&hellip;]<\/p>\n","protected":false},"author":2,"featured_media":0,"comment_status":"closed","ping_status":"closed","sticky":false,"template":"","format":"standard","meta":{"footnotes":""},"categories":[28],"tags":[84,647,923,1059],"class_list":["post-25944","post","type-post","status-publish","format-standard","hentry","category-saints-et-saintes","tag-apotres","tag-martyr","tag-saint","tag-st-matthieu"],"_links":{"self":[{"href":"https:\/\/www.associationdemarie.org\/blog\/wp-json\/wp\/v2\/posts\/25944","targetHints":{"allow":["GET"]}}],"collection":[{"href":"https:\/\/www.associationdemarie.org\/blog\/wp-json\/wp\/v2\/posts"}],"about":[{"href":"https:\/\/www.associationdemarie.org\/blog\/wp-json\/wp\/v2\/types\/post"}],"author":[{"embeddable":true,"href":"https:\/\/www.associationdemarie.org\/blog\/wp-json\/wp\/v2\/users\/2"}],"replies":[{"embeddable":true,"href":"https:\/\/www.associationdemarie.org\/blog\/wp-json\/wp\/v2\/comments?post=25944"}],"version-history":[{"count":1,"href":"https:\/\/www.associationdemarie.org\/blog\/wp-json\/wp\/v2\/posts\/25944\/revisions"}],"predecessor-version":[{"id":25946,"href":"https:\/\/www.associationdemarie.org\/blog\/wp-json\/wp\/v2\/posts\/25944\/revisions\/25946"}],"wp:attachment":[{"href":"https:\/\/www.associationdemarie.org\/blog\/wp-json\/wp\/v2\/media?parent=25944"}],"wp:term":[{"taxonomy":"category","embeddable":true,"href":"https:\/\/www.associationdemarie.org\/blog\/wp-json\/wp\/v2\/categories?post=25944"},{"taxonomy":"post_tag","embeddable":true,"href":"https:\/\/www.associationdemarie.org\/blog\/wp-json\/wp\/v2\/tags?post=25944"}],"curies":[{"name":"wp","href":"https:\/\/api.w.org\/{rel}","templated":true}]}}