{"id":25941,"date":"2025-09-20T01:50:06","date_gmt":"2025-09-20T00:50:06","guid":{"rendered":"http:\/\/www.associationdemarie.org\/blog\/?p=25941"},"modified":"2025-09-04T18:52:21","modified_gmt":"2025-09-04T17:52:21","slug":"la-semence-cest-la-parole-de-dieu-2","status":"publish","type":"post","link":"https:\/\/www.associationdemarie.org\/blog\/la-semence-cest-la-parole-de-dieu-2\/","title":{"rendered":"\u00ab La semence, c&rsquo;est la parole de Dieu. \u00bb"},"content":{"rendered":"\n<div class=\"wp-block-image\"><figure class=\"aligncenter\"><img loading=\"lazy\" decoding=\"async\" width=\"225\" height=\"225\" src=\"https:\/\/www.associationdemarie.org\/blog\/wp-content\/uploads\/2025\/09\/20-09.jpg\" alt=\"\" class=\"wp-image-25942\" srcset=\"https:\/\/www.associationdemarie.org\/blog\/wp-content\/uploads\/2025\/09\/20-09.jpg 225w, https:\/\/www.associationdemarie.org\/blog\/wp-content\/uploads\/2025\/09\/20-09-150x150.jpg 150w\" sizes=\"auto, (max-width: 225px) 100vw, 225px\" \/><\/figure><\/div>\n\n\n\n<p>L&rsquo;origine de l&rsquo;\u00c9criture ne se situe pas dans la recherche humaine, mais dans la divine r\u00e9v\u00e9lation qui provient du \u00ab P\u00e8re des lumi\u00e8res \u00bb, \u00ab de qui toute paternit\u00e9 au ciel et sur terre tire son nom \u00bb (Jc 1,17 ;\u00c9p 3,15). De lui, par son Fils J\u00e9sus Christ, s&rsquo;\u00e9coule en nous l&rsquo;Esprit Saint. Par l&rsquo;Esprit Saint, partageant et distribuant ses dons \u00e0 chacun de nous selon sa volont\u00e9 (He 2,4), la foi nous est donn\u00e9e et \u00ab par la foi, le Christ habite en nos c\u0153urs \u00bb (Ep 3,17). De cette connaissance de J\u00e9sus Christ d\u00e9coule, comme de sa source, la fermet\u00e9 et l&rsquo;intelligence de toute la sainte \u00c9criture. Il est donc impossible d&rsquo;entrer dans la connaissance de l&rsquo;\u00c9criture sans poss\u00e9der d&rsquo;abord la foi infuse du Christ, comme la lumi\u00e8re, la porte et le fondement de toute l&rsquo;\u00c9criture\u2026<\/p>\n\n\n\n<p>L&rsquo;aboutissement ou le fruit de la sainte \u00c9criture n&rsquo;est pas n&rsquo;importe quoi, c&rsquo;est la pl\u00e9nitude du bonheur \u00e9ternel. Car dans l&rsquo;\u00c9criture sont \u00ab les paroles de la vie \u00e9ternelle \u00bb (Jn 6,68) ; elle est donc \u00e9crite, non seulement pour que nous croyions, mais aussi pour que nous poss\u00e9dions la vie \u00e9ternelle dans laquelle nous verrons, nous aimerons et o\u00f9 nos d\u00e9sirs seront enti\u00e8rement combl\u00e9s. Alors, nos d\u00e9sirs \u00e9tant combl\u00e9s, nous conna\u00eetrons vraiment \u00ab l&rsquo;amour qui surpasse toute connaissance \u00bb et ainsi nous serons \u00ab remplis de la pl\u00e9nitude de Dieu \u00bb (Ep 3,19). C&rsquo;est \u00e0 cette pl\u00e9nitude que la divine \u00c9criture s&rsquo;efforce de nous introduire ; c&rsquo;est donc en vue de cette fin, c&rsquo;est dans cette intention que la sainte \u00c9criture doit \u00eatre \u00e9tudi\u00e9e, enseign\u00e9e et entendue.<\/p>\n\n\n\n<h4 class=\"wp-block-heading\">Saint Bonaventure (1221-1274)<\/h4>\n","protected":false},"excerpt":{"rendered":"<p>L&rsquo;origine de l&rsquo;\u00c9criture ne se situe pas dans la recherche humaine, mais dans la divine r\u00e9v\u00e9lation qui provient du \u00ab P\u00e8re des lumi\u00e8res \u00bb, \u00ab de qui toute paternit\u00e9 au ciel et sur terre tire son nom \u00bb (Jc 1,17 ;\u00c9p 3,15). De lui, par son Fils J\u00e9sus Christ, s&rsquo;\u00e9coule en nous l&rsquo;Esprit Saint. Par [&hellip;]<\/p>\n","protected":false},"author":2,"featured_media":0,"comment_status":"closed","ping_status":"closed","sticky":false,"template":"","format":"standard","meta":{"footnotes":""},"categories":[16],"tags":[1382,771,973,1239],"class_list":["post-25941","post","type-post","status-publish","format-standard","hentry","category-jardins-de-la-bible","tag-ecritures","tag-parole-divine","tag-semeur","tag-st-bonaventure"],"_links":{"self":[{"href":"https:\/\/www.associationdemarie.org\/blog\/wp-json\/wp\/v2\/posts\/25941","targetHints":{"allow":["GET"]}}],"collection":[{"href":"https:\/\/www.associationdemarie.org\/blog\/wp-json\/wp\/v2\/posts"}],"about":[{"href":"https:\/\/www.associationdemarie.org\/blog\/wp-json\/wp\/v2\/types\/post"}],"author":[{"embeddable":true,"href":"https:\/\/www.associationdemarie.org\/blog\/wp-json\/wp\/v2\/users\/2"}],"replies":[{"embeddable":true,"href":"https:\/\/www.associationdemarie.org\/blog\/wp-json\/wp\/v2\/comments?post=25941"}],"version-history":[{"count":1,"href":"https:\/\/www.associationdemarie.org\/blog\/wp-json\/wp\/v2\/posts\/25941\/revisions"}],"predecessor-version":[{"id":25943,"href":"https:\/\/www.associationdemarie.org\/blog\/wp-json\/wp\/v2\/posts\/25941\/revisions\/25943"}],"wp:attachment":[{"href":"https:\/\/www.associationdemarie.org\/blog\/wp-json\/wp\/v2\/media?parent=25941"}],"wp:term":[{"taxonomy":"category","embeddable":true,"href":"https:\/\/www.associationdemarie.org\/blog\/wp-json\/wp\/v2\/categories?post=25941"},{"taxonomy":"post_tag","embeddable":true,"href":"https:\/\/www.associationdemarie.org\/blog\/wp-json\/wp\/v2\/tags?post=25941"}],"curies":[{"name":"wp","href":"https:\/\/api.w.org\/{rel}","templated":true}]}}