{"id":25919,"date":"2025-09-15T01:30:42","date_gmt":"2025-09-15T00:30:42","guid":{"rendered":"http:\/\/www.associationdemarie.org\/blog\/?p=25919"},"modified":"2025-09-01T07:33:47","modified_gmt":"2025-09-01T06:33:47","slug":"notre-dame-des-douleurs-7","status":"publish","type":"post","link":"https:\/\/www.associationdemarie.org\/blog\/notre-dame-des-douleurs-7\/","title":{"rendered":"Notre Dame des Douleurs"},"content":{"rendered":"\n<div class=\"wp-block-image\"><figure class=\"alignleft\"><img loading=\"lazy\" decoding=\"async\" width=\"206\" height=\"245\" src=\"https:\/\/www.associationdemarie.org\/blog\/wp-content\/uploads\/2025\/09\/15-09.jpg\" alt=\"\" class=\"wp-image-25920\"\/><\/figure><\/div>\n\n\n\n<p>Le martyre de la Vierge est sugg\u00e9r\u00e9 tant par la proph\u00e9tie de Sim\u00e9on que par le r\u00e9cit m\u00eame de la Passion du Seigneur. \u00ab Celui-ci, dit le vieillard en parlant de l\u2019enfant J\u00e9sus, est pos\u00e9 comme un signe de contradiction, et toi-m\u00eame, ajoutait-il s\u2019adressant \u00e0 Marie, un glaive transpercera son \u00e2me \u00bb (Lc 2, 34-35). Oui, bienheureuse M\u00e8re, ton \u00e2me, un glaive l\u2019a transperc\u00e9, et d\u2019ailleurs, ce n\u2019est qu\u2019en la traversant qu\u2019il p\u00e9n\u00e9tra dans la chair de ton Fils. De fait, lorsque ton J\u00e9sus \u2012 qui est \u00e0 tous, mais sp\u00e9cialement \u00e0 toi \u2012 eut rendu l\u2019esprit, la lance cruelle n\u2019atteignit pas son \u00e2me. Si, ne l\u2019\u00e9pargnant pas \u2012 m\u00eame mort \u2012, elle lui ouvrit le c\u00f4t\u00e9, elle ne pouvait plus lui causer de douleur. Mais ton \u00e2me, elle l\u2019a transper\u00e7a : \u00e0 ce moment, la sienne n\u2019\u00e9tait plus l\u00e0, mais la tienne ne pouvait absolument pas se d\u00e9tourner de lui. (\u2026)<\/p>\n\n\n\n<p>Peut-\u00eatre quelqu\u2019un va dire : \u201cNe savait-elle pas d\u2019avance qu\u2019il devait mourir ?\u201d Oui, indubitablement. \u201cN\u2019esp\u00e9rait-elle pas le voir ressusciter aussit\u00f4t ?\u201d Si, en toute confiance. \u201cApr\u00e8s cela, souffrit-elle quand il fut crucifi\u00e9 ?\u201d Certainement, et avec quelle violence ! Alors qui es-tu donc, fr\u00e8re, et d\u2019o\u00f9 te vient pareille sagesse de t\u2019\u00e9tonner plus de la compassion de Marie que de la passion du Fils de Marie ? Lui, il put mourir de la mort du corps et elle, n\u2019aurait pu mourir avec lui de c\u0153ur ? L\u00e0, c\u2019est l\u2019\u0153uvre d\u2019un amour que personne ne surpasse ; ici, c\u2019est le r\u00e9sultat d\u2019un amour qui apr\u00e8s le premier n\u2019eut jamais son \u00e9gal.<\/p>\n\n\n\n<h4 class=\"wp-block-heading\">Saint Bernard (1091-1153)<\/h4>\n","protected":false},"excerpt":{"rendered":"<p>Le martyre de la Vierge est sugg\u00e9r\u00e9 tant par la proph\u00e9tie de Sim\u00e9on que par le r\u00e9cit m\u00eame de la Passion du Seigneur. \u00ab Celui-ci, dit le vieillard en parlant de l\u2019enfant J\u00e9sus, est pos\u00e9 comme un signe de contradiction, et toi-m\u00eame, ajoutait-il s\u2019adressant \u00e0 Marie, un glaive transpercera son \u00e2me \u00bb (Lc 2, 34-35). [&hellip;]<\/p>\n","protected":false},"author":2,"featured_media":0,"comment_status":"closed","ping_status":"closed","sticky":false,"template":"","format":"standard","meta":{"footnotes":""},"categories":[3,28],"tags":[1615,1704,1285,1017],"class_list":["post-25919","post","type-post","status-publish","format-standard","hentry","category-liturgique","category-saints-et-saintes","tag-co-redemptrice","tag-coredemptrice","tag-notre-dame-des-7-douleurs","tag-st-bernard"],"_links":{"self":[{"href":"https:\/\/www.associationdemarie.org\/blog\/wp-json\/wp\/v2\/posts\/25919","targetHints":{"allow":["GET"]}}],"collection":[{"href":"https:\/\/www.associationdemarie.org\/blog\/wp-json\/wp\/v2\/posts"}],"about":[{"href":"https:\/\/www.associationdemarie.org\/blog\/wp-json\/wp\/v2\/types\/post"}],"author":[{"embeddable":true,"href":"https:\/\/www.associationdemarie.org\/blog\/wp-json\/wp\/v2\/users\/2"}],"replies":[{"embeddable":true,"href":"https:\/\/www.associationdemarie.org\/blog\/wp-json\/wp\/v2\/comments?post=25919"}],"version-history":[{"count":1,"href":"https:\/\/www.associationdemarie.org\/blog\/wp-json\/wp\/v2\/posts\/25919\/revisions"}],"predecessor-version":[{"id":25921,"href":"https:\/\/www.associationdemarie.org\/blog\/wp-json\/wp\/v2\/posts\/25919\/revisions\/25921"}],"wp:attachment":[{"href":"https:\/\/www.associationdemarie.org\/blog\/wp-json\/wp\/v2\/media?parent=25919"}],"wp:term":[{"taxonomy":"category","embeddable":true,"href":"https:\/\/www.associationdemarie.org\/blog\/wp-json\/wp\/v2\/categories?post=25919"},{"taxonomy":"post_tag","embeddable":true,"href":"https:\/\/www.associationdemarie.org\/blog\/wp-json\/wp\/v2\/tags?post=25919"}],"curies":[{"name":"wp","href":"https:\/\/api.w.org\/{rel}","templated":true}]}}