{"id":25916,"date":"2025-09-14T01:16:39","date_gmt":"2025-09-14T00:16:39","guid":{"rendered":"http:\/\/www.associationdemarie.org\/blog\/?p=25916"},"modified":"2025-08-31T09:18:41","modified_gmt":"2025-08-31T08:18:41","slug":"fete-de-la-croix-glorieuse-12","status":"publish","type":"post","link":"https:\/\/www.associationdemarie.org\/blog\/fete-de-la-croix-glorieuse-12\/","title":{"rendered":"F\u00eate de la Croix Glorieuse"},"content":{"rendered":"\n<figure class=\"wp-block-image\"><img loading=\"lazy\" decoding=\"async\" width=\"768\" height=\"768\" src=\"https:\/\/www.associationdemarie.org\/blog\/wp-content\/uploads\/2025\/08\/14-09.jpg\" alt=\"\" class=\"wp-image-25917\" srcset=\"https:\/\/www.associationdemarie.org\/blog\/wp-content\/uploads\/2025\/08\/14-09.jpg 768w, https:\/\/www.associationdemarie.org\/blog\/wp-content\/uploads\/2025\/08\/14-09-150x150.jpg 150w, https:\/\/www.associationdemarie.org\/blog\/wp-content\/uploads\/2025\/08\/14-09-300x300.jpg 300w\" sizes=\"auto, (max-width: 768px) 100vw, 768px\" \/><\/figure>\n\n\n\n<p>Non seulement nous n\u2019avons pas \u00e0 rougir de la mort de notre Seigneur Dieu, mais nous devons tirer d\u2019elle la plus grande confiance et la plus grande fiert\u00e9. En recevant de nous la mort qu\u2019il a trouv\u00e9e en nous, il nous a tr\u00e8s fid\u00e8lement promis de nous donner en lui la vie que nous ne pouvions avoir de nous-m\u00eames. Et si celui qui est sans p\u00e9ch\u00e9 nous a aim\u00e9s au point qu\u2019il a subi pour nous, p\u00e9cheurs, ce que nous aurions m\u00e9rit\u00e9 par notre p\u00e9ch\u00e9, comment ne nous donnera-t-il pas ce qui est justice, lui qui nous justifie ? Comment ne donnera-t-il pas leur r\u00e9compense aux justes, lui qui est fid\u00e8le dans ses promesses et qui a subi la peine des coupables ?<\/p>\n\n\n\n<p>Reconnaissons sans trembler, mes fr\u00e8res, et proclamons que le Christ a \u00e9t\u00e9 crucifi\u00e9 pour nous. Disons-le sans crainte et avec joie, sans honte et avec fiert\u00e9. L\u2019ap\u00f4tre Paul l\u2019a vu, lui qui en a fait un titre de gloire. Apr\u00e8s avoir rappel\u00e9 les nombreuses et grandes gr\u00e2ces qu\u2019il tenait du Christ, il ne dit pas qu\u2019il se glorifie de ces merveilles, mais il dit : \u00ab Pour moi, Dieu me garde de trouver ma fiert\u00e9 autre part que dans la croix de notre Seigneur J\u00e9sus Christ \u00bb (Gal 6,14).<\/p>\n\n\n\n<h4 class=\"wp-block-heading\">Saint Augustin (354-430)<\/h4>\n","protected":false},"excerpt":{"rendered":"<p>Non seulement nous n\u2019avons pas \u00e0 rougir de la mort de notre Seigneur Dieu, mais nous devons tirer d\u2019elle la plus grande confiance et la plus grande fiert\u00e9. En recevant de nous la mort qu\u2019il a trouv\u00e9e en nous, il nous a tr\u00e8s fid\u00e8lement promis de nous donner en lui la vie que nous ne [&hellip;]<\/p>\n","protected":false},"author":2,"featured_media":0,"comment_status":"closed","ping_status":"closed","sticky":false,"template":"","format":"standard","meta":{"footnotes":""},"categories":[3],"tags":[275,1012],"class_list":["post-25916","post","type-post","status-publish","format-standard","hentry","category-liturgique","tag-croix-glorieuse","tag-st-augustin"],"_links":{"self":[{"href":"https:\/\/www.associationdemarie.org\/blog\/wp-json\/wp\/v2\/posts\/25916","targetHints":{"allow":["GET"]}}],"collection":[{"href":"https:\/\/www.associationdemarie.org\/blog\/wp-json\/wp\/v2\/posts"}],"about":[{"href":"https:\/\/www.associationdemarie.org\/blog\/wp-json\/wp\/v2\/types\/post"}],"author":[{"embeddable":true,"href":"https:\/\/www.associationdemarie.org\/blog\/wp-json\/wp\/v2\/users\/2"}],"replies":[{"embeddable":true,"href":"https:\/\/www.associationdemarie.org\/blog\/wp-json\/wp\/v2\/comments?post=25916"}],"version-history":[{"count":1,"href":"https:\/\/www.associationdemarie.org\/blog\/wp-json\/wp\/v2\/posts\/25916\/revisions"}],"predecessor-version":[{"id":25918,"href":"https:\/\/www.associationdemarie.org\/blog\/wp-json\/wp\/v2\/posts\/25916\/revisions\/25918"}],"wp:attachment":[{"href":"https:\/\/www.associationdemarie.org\/blog\/wp-json\/wp\/v2\/media?parent=25916"}],"wp:term":[{"taxonomy":"category","embeddable":true,"href":"https:\/\/www.associationdemarie.org\/blog\/wp-json\/wp\/v2\/categories?post=25916"},{"taxonomy":"post_tag","embeddable":true,"href":"https:\/\/www.associationdemarie.org\/blog\/wp-json\/wp\/v2\/tags?post=25916"}],"curies":[{"name":"wp","href":"https:\/\/api.w.org\/{rel}","templated":true}]}}