{"id":25907,"date":"2025-09-11T01:44:47","date_gmt":"2025-09-11T00:44:47","guid":{"rendered":"http:\/\/www.associationdemarie.org\/blog\/?p=25907"},"modified":"2025-08-28T06:48:18","modified_gmt":"2025-08-28T05:48:18","slug":"la-charite-couvre-une-multitude-de-peches-1-p-48","status":"publish","type":"post","link":"https:\/\/www.associationdemarie.org\/blog\/la-charite-couvre-une-multitude-de-peches-1-p-48\/","title":{"rendered":"\u00ab La charit\u00e9 couvre une multitude de p\u00e9ch\u00e9s. \u00bb (1 P 4,8)"},"content":{"rendered":"\n<div class=\"wp-block-image\"><figure class=\"aligncenter is-resized\"><img loading=\"lazy\" decoding=\"async\" src=\"https:\/\/www.associationdemarie.org\/blog\/wp-content\/uploads\/2025\/08\/11-09.jpg\" alt=\"\" class=\"wp-image-25908\" width=\"424\" height=\"237\"\/><\/figure><\/div>\n\n\n\n<p>Si nous avions la charit\u00e9 accompagn\u00e9e de compassion et de peine, nous ne prendrions pas garde aux d\u00e9fauts du prochain, selon cette parole : \u00ab La charit\u00e9 couvre une multitude de p\u00e9ch\u00e9s \u00bb (1 P 4,8) et encore : \u00ab La charit\u00e9 ne s\u2019arr\u00eate pas au mal, elle excuse tout \u00bb (1 Co 13,5-7). Si donc nous avions la charit\u00e9, la charit\u00e9 elle-m\u00eame couvrirait toute faute, et nous serions comme les saints quand ils voient les d\u00e9fauts des hommes.<\/p>\n\n\n\n<p>Les saints sont-ils donc aveugles qu\u2019ils ne voient pas les p\u00e9ch\u00e9s ? Mais qui d\u00e9teste le p\u00e9ch\u00e9 autant que les saints ? Et pourtant, ils ne ha\u00efssent pas le p\u00e9cheur, ils ne le jugent pas, ils ne le fuient pas. Au contraire, ils compatissent, l\u2019exhortent, le consolent, le soignent comme un membre malade ; ils font tout pour le sauver. Lorsqu\u2019une m\u00e8re a un enfant difforme, elle ne se d\u00e9tourne pas de lui avec horreur, elle prend plaisir \u00e0 le parer et fait tout pour le rendre gracieux. C\u2019est ainsi que les saints prot\u00e8gent toujours le p\u00e9cheur, le disposent et le prennent en charge pour le corriger au moment opportun, pour l\u2019emp\u00eacher de nuire \u00e0 un autre, et aussi pour progresser eux-m\u00eames davantage dans la charit\u00e9 du Christ.<\/p>\n\n\n\n<p>Acqu\u00e9rons donc, nous aussi, la charit\u00e9 ; acqu\u00e9rons la mis\u00e9ricorde \u00e0 l\u2019\u00e9gard du prochain, pour nous garder de la terrible m\u00e9disance, du jugement et du m\u00e9pris. Portons-nous secours les uns aux autres, comme \u00e0 nos propres membres. Car \u00ab nous sommes membres les uns des autres, dit l\u2019Ap\u00f4tre (Rm 12,5) ; un membre souffre-t-il, tous les membres souffrent avec lui (1 Co 12,27). En un mot, ayez soin, chacun selon son pouvoir, d\u2019\u00eatre unis les uns aux autres. Car plus on est uni au prochain, plus on est uni \u00e0 Dieu.<\/p>\n\n\n\n<h4 class=\"wp-block-heading\">Doroth\u00e9e de Gaza (v. 500-?)<\/h4>\n","protected":false},"excerpt":{"rendered":"<p>Si nous avions la charit\u00e9 accompagn\u00e9e de compassion et de peine, nous ne prendrions pas garde aux d\u00e9fauts du prochain, selon cette parole : \u00ab La charit\u00e9 couvre une multitude de p\u00e9ch\u00e9s \u00bb (1 P 4,8) et encore : \u00ab La charit\u00e9 ne s\u2019arr\u00eate pas au mal, elle excuse tout \u00bb (1 Co 13,5-7). Si [&hellip;]<\/p>\n","protected":false},"author":2,"featured_media":0,"comment_status":"closed","ping_status":"closed","sticky":false,"template":"","format":"standard","meta":{"footnotes":""},"categories":[1261],"tags":[203,315,1679,945],"class_list":["post-25907","post","type-post","status-publish","format-standard","hentry","category-enseignement-2","tag-charite","tag-dorothee-de-gaza","tag-peches","tag-saints"],"_links":{"self":[{"href":"https:\/\/www.associationdemarie.org\/blog\/wp-json\/wp\/v2\/posts\/25907","targetHints":{"allow":["GET"]}}],"collection":[{"href":"https:\/\/www.associationdemarie.org\/blog\/wp-json\/wp\/v2\/posts"}],"about":[{"href":"https:\/\/www.associationdemarie.org\/blog\/wp-json\/wp\/v2\/types\/post"}],"author":[{"embeddable":true,"href":"https:\/\/www.associationdemarie.org\/blog\/wp-json\/wp\/v2\/users\/2"}],"replies":[{"embeddable":true,"href":"https:\/\/www.associationdemarie.org\/blog\/wp-json\/wp\/v2\/comments?post=25907"}],"version-history":[{"count":1,"href":"https:\/\/www.associationdemarie.org\/blog\/wp-json\/wp\/v2\/posts\/25907\/revisions"}],"predecessor-version":[{"id":25909,"href":"https:\/\/www.associationdemarie.org\/blog\/wp-json\/wp\/v2\/posts\/25907\/revisions\/25909"}],"wp:attachment":[{"href":"https:\/\/www.associationdemarie.org\/blog\/wp-json\/wp\/v2\/media?parent=25907"}],"wp:term":[{"taxonomy":"category","embeddable":true,"href":"https:\/\/www.associationdemarie.org\/blog\/wp-json\/wp\/v2\/categories?post=25907"},{"taxonomy":"post_tag","embeddable":true,"href":"https:\/\/www.associationdemarie.org\/blog\/wp-json\/wp\/v2\/tags?post=25907"}],"curies":[{"name":"wp","href":"https:\/\/api.w.org\/{rel}","templated":true}]}}