{"id":25892,"date":"2025-09-06T01:34:19","date_gmt":"2025-09-06T00:34:19","guid":{"rendered":"http:\/\/www.associationdemarie.org\/blog\/?p=25892"},"modified":"2025-08-23T06:37:19","modified_gmt":"2025-08-23T05:37:19","slug":"le-fils-de-lhomme-est-maitre-du-sabbat-13","status":"publish","type":"post","link":"https:\/\/www.associationdemarie.org\/blog\/le-fils-de-lhomme-est-maitre-du-sabbat-13\/","title":{"rendered":"\u00ab Le Fils de l&rsquo;homme est ma\u00eetre du sabbat. \u00bb"},"content":{"rendered":"\n<figure class=\"wp-block-image\"><img loading=\"lazy\" decoding=\"async\" width=\"1000\" height=\"563\" src=\"https:\/\/www.associationdemarie.org\/blog\/wp-content\/uploads\/2025\/08\/6-09.jpg\" alt=\"\" class=\"wp-image-25893\" srcset=\"https:\/\/www.associationdemarie.org\/blog\/wp-content\/uploads\/2025\/08\/6-09.jpg 1000w, https:\/\/www.associationdemarie.org\/blog\/wp-content\/uploads\/2025\/08\/6-09-300x169.jpg 300w, https:\/\/www.associationdemarie.org\/blog\/wp-content\/uploads\/2025\/08\/6-09-768x432.jpg 768w\" sizes=\"auto, (max-width: 1000px) 100vw, 1000px\" \/><\/figure>\n\n\n\n<p>Chaque jour de la cr\u00e9ation est grand, admirable, mais nul ne peut se comparer au septi\u00e8me : alors ce n&rsquo;est pas la cr\u00e9ation de l&rsquo;un ou l&rsquo;autre \u00e9l\u00e9ment naturel qui est propos\u00e9e \u00e0 notre contemplation, mais le repos de Dieu lui-m\u00eame et la perfection de toutes les cr\u00e9atures. Car nous lisons : \u00ab Le septi\u00e8me jour, Dieu acheva son \u0153uvre qu&rsquo;il avait faite, et il se reposa de toute l&rsquo;\u0153uvre qu&rsquo;il avait cr\u00e9\u00e9e \u00bb (Gn 2,2). Grand est ce jour, insondable ce repos, magnifique ce sabbat ! Ah, si tu pouvais comprendre ! Ce jour n&rsquo;est pas trac\u00e9 par la course du soleil visible, ne commence pas \u00e0 son lever, ne finit pas \u00e0 son couchant ; il n&rsquo;a ni matin ni soir (cf Gn 1,5)\u2026<\/p>\n\n\n\n<p>\u00c9coutons celui qui nous invite au repos : \u00ab Venez \u00e0 moi, vous tous qui peinez sous le fardeau ; je restaurerai vos forces \u00bb (Mt 11,28). C&rsquo;est la pr\u00e9paration du sabbat. Quant au sabbat lui-m\u00eame, \u00e9coutons encore : \u00ab Prenez sur vous mon joug, et apprenez de moi que je suis doux et humble de c\u0153ur ; alors vous trouverez le repos \u00bb (v. 29). Voil\u00e0 le repos, la tranquillit\u00e9, voil\u00e0 le vrai sabbat\u2026.<\/p>\n\n\n\n<p>Car ce joug ne p\u00e8se pas, il unit ; ce fardeau a des ailes, non du poids. Ce joug, c&rsquo;est la charit\u00e9 ; ce fardeau, c&rsquo;est l&rsquo;amour fraternel. C&rsquo;est l\u00e0 o\u00f9 on trouve le repos ; l\u00e0, on c\u00e9l\u00e8bre le sabbat ; l\u00e0, on est d\u00e9livr\u00e9 de tout travail d&rsquo;esclave\u2026 M\u00eame s&rsquo;il arrive que quelque p\u00e9ch\u00e9 s&rsquo;y glisse, \u00e0 cause de notre faiblesse, la c\u00e9l\u00e9bration de ce sabbat n&rsquo;est pas interrompue, car \u00ab la charit\u00e9 couvre une multitude de p\u00e9ch\u00e9s \u00bb (1P 4,8). Il est donc juste que cette lib\u00e9ration soit r\u00e9serv\u00e9e pour le septi\u00e8me jour car \u00ab la charit\u00e9 de Dieu a \u00e9t\u00e9 r\u00e9pandue dans nos c\u0153urs par l&rsquo;Esprit Saint qui nous a \u00e9t\u00e9 donn\u00e9 \u00bb (Rm 5,5).<\/p>\n\n\n\n<h4 class=\"wp-block-heading\">Saint Aelred de Rievaulx (1110-1167)<\/h4>\n","protected":false},"excerpt":{"rendered":"<p>Chaque jour de la cr\u00e9ation est grand, admirable, mais nul ne peut se comparer au septi\u00e8me : alors ce n&rsquo;est pas la cr\u00e9ation de l&rsquo;un ou l&rsquo;autre \u00e9l\u00e9ment naturel qui est propos\u00e9e \u00e0 notre contemplation, mais le repos de Dieu lui-m\u00eame et la perfection de toutes les cr\u00e9atures. Car nous lisons : \u00ab Le septi\u00e8me [&hellip;]<\/p>\n","protected":false},"author":2,"featured_media":0,"comment_status":"closed","ping_status":"closed","sticky":false,"template":"","format":"standard","meta":{"footnotes":""},"categories":[13,1261],"tags":[203,269,911,1005],"class_list":["post-25892","post","type-post","status-publish","format-standard","hentry","category-ecritures","category-enseignement-2","tag-charite","tag-creation","tag-sabbat","tag-st-aelred"],"_links":{"self":[{"href":"https:\/\/www.associationdemarie.org\/blog\/wp-json\/wp\/v2\/posts\/25892","targetHints":{"allow":["GET"]}}],"collection":[{"href":"https:\/\/www.associationdemarie.org\/blog\/wp-json\/wp\/v2\/posts"}],"about":[{"href":"https:\/\/www.associationdemarie.org\/blog\/wp-json\/wp\/v2\/types\/post"}],"author":[{"embeddable":true,"href":"https:\/\/www.associationdemarie.org\/blog\/wp-json\/wp\/v2\/users\/2"}],"replies":[{"embeddable":true,"href":"https:\/\/www.associationdemarie.org\/blog\/wp-json\/wp\/v2\/comments?post=25892"}],"version-history":[{"count":1,"href":"https:\/\/www.associationdemarie.org\/blog\/wp-json\/wp\/v2\/posts\/25892\/revisions"}],"predecessor-version":[{"id":25894,"href":"https:\/\/www.associationdemarie.org\/blog\/wp-json\/wp\/v2\/posts\/25892\/revisions\/25894"}],"wp:attachment":[{"href":"https:\/\/www.associationdemarie.org\/blog\/wp-json\/wp\/v2\/media?parent=25892"}],"wp:term":[{"taxonomy":"category","embeddable":true,"href":"https:\/\/www.associationdemarie.org\/blog\/wp-json\/wp\/v2\/categories?post=25892"},{"taxonomy":"post_tag","embeddable":true,"href":"https:\/\/www.associationdemarie.org\/blog\/wp-json\/wp\/v2\/tags?post=25892"}],"curies":[{"name":"wp","href":"https:\/\/api.w.org\/{rel}","templated":true}]}}