{"id":25880,"date":"2025-09-02T01:19:52","date_gmt":"2025-09-02T00:19:52","guid":{"rendered":"http:\/\/www.associationdemarie.org\/blog\/?p=25880"},"modified":"2025-08-19T06:22:07","modified_gmt":"2025-08-19T05:22:07","slug":"es-tu-venu-pour-nous-perdre-7","status":"publish","type":"post","link":"https:\/\/www.associationdemarie.org\/blog\/es-tu-venu-pour-nous-perdre-7\/","title":{"rendered":"\u00ab Es-tu venu pour nous perdre ? \u00bb"},"content":{"rendered":"\n<figure class=\"wp-block-image\"><img loading=\"lazy\" decoding=\"async\" width=\"675\" height=\"552\" src=\"https:\/\/www.associationdemarie.org\/blog\/wp-content\/uploads\/2025\/08\/2-09.jpg\" alt=\"\" class=\"wp-image-25881\" srcset=\"https:\/\/www.associationdemarie.org\/blog\/wp-content\/uploads\/2025\/08\/2-09.jpg 675w, https:\/\/www.associationdemarie.org\/blog\/wp-content\/uploads\/2025\/08\/2-09-300x245.jpg 300w\" sizes=\"auto, (max-width: 675px) 100vw, 675px\" \/><\/figure>\n\n\n\n<p>Les anges et les hommes, cr\u00e9atures intelligentes et libres, doivent cheminer vers leur destin\u00e9e ultime par choix libre et amour de pr\u00e9f\u00e9rence. Ils peuvent donc se d\u00e9voyer. En fait, ils ont p\u00e9ch\u00e9. C&rsquo;est ainsi que le mal moral est entr\u00e9 dans le monde, sans commune mesure plus grave que le mal physique. Dieu n&rsquo;est en aucune fa\u00e7on, ni directement ni indirectement, la cause du mal moral. Il le permet cependant, respectant la libert\u00e9 de sa cr\u00e9ature, et, myst\u00e9rieusement, il sait en tirer le bien. (\u2026) Du mal moral le plus grand qui ait jamais \u00e9t\u00e9 commis, le rejet et le meurtre du Fils de Dieu, caus\u00e9 par les p\u00e9ch\u00e9s de tous les hommes, Dieu, par la surabondance de sa gr\u00e2ce (cf Rm 5,20), a tir\u00e9 le plus grand des biens : la glorification du Christ et notre r\u00e9demption. Le mal n&rsquo;en devient pas pour autant un bien.<\/p>\n\n\n\n<p>\u00ab Tout concourt au bien de ceux qui aiment Dieu \u00bb (Rm 8, 28). Le t\u00e9moignage des saints ne cesse de confirmer cette v\u00e9rit\u00e9. Ainsi, sainte Catherine de Sienne dit \u00e0 \u00ab ceux qui se scandalisent et se r\u00e9voltent de ce qui leur arrive \u00bb : \u00ab Tout proc\u00e8de de l&rsquo;amour, tout est ordonn\u00e9 au salut de l&rsquo;homme, Dieu ne fait rien que dans ce but \u00bb (\u2026) Et Lady Julian of Norwich : \u00ab J&rsquo;appris donc, par la gr\u00e2ce de Dieu, qu&rsquo;il fallait m&rsquo;en tenir fermement \u00e0 la foi, et croire avec non moins de fermet\u00e9 que toutes choses seront bonnes\u2026 Et tu verras que toutes choses seront bonnes. \u00bb \u00abThou shalt see thyself that all manner of thing shall be well.\u00bb<\/p>\n\n\n\n<p>Nous croyons fermement que Dieu est le Ma\u00eetre du monde et de l&rsquo;histoire. Mais les chemins de sa providence nous sont souvent inconnus. Ce n&rsquo;est qu&rsquo;au terme, lorsque prendra fin notre connaissance partielle, lorsque nous verrons Dieu \u00ab face \u00e0 face \u00bb (1Co 13,12), que les voies nous seront pleinement connues, par lesquelles, m\u00eame \u00e0 travers les drames du mal et du p\u00e9ch\u00e9, Dieu aura conduit sa cr\u00e9ation jusqu&rsquo;au repos de ce Sabbat d\u00e9finitif, en vue duquel il a cr\u00e9\u00e9 le ciel et la terre.<\/p>\n\n\n\n<h4 class=\"wp-block-heading\">Cat\u00e9chisme de l&rsquo;\u00c9glise catholique<\/h4>\n","protected":false},"excerpt":{"rendered":"<p>Les anges et les hommes, cr\u00e9atures intelligentes et libres, doivent cheminer vers leur destin\u00e9e ultime par choix libre et amour de pr\u00e9f\u00e9rence. Ils peuvent donc se d\u00e9voyer. En fait, ils ont p\u00e9ch\u00e9. C&rsquo;est ainsi que le mal moral est entr\u00e9 dans le monde, sans commune mesure plus grave que le mal physique. Dieu n&rsquo;est en [&hellip;]<\/p>\n","protected":false},"author":2,"featured_media":0,"comment_status":"closed","ping_status":"closed","sticky":false,"template":"","format":"standard","meta":{"footnotes":""},"categories":[13],"tags":[188],"class_list":["post-25880","post","type-post","status-publish","format-standard","hentry","category-ecritures","tag-catechisme"],"_links":{"self":[{"href":"https:\/\/www.associationdemarie.org\/blog\/wp-json\/wp\/v2\/posts\/25880","targetHints":{"allow":["GET"]}}],"collection":[{"href":"https:\/\/www.associationdemarie.org\/blog\/wp-json\/wp\/v2\/posts"}],"about":[{"href":"https:\/\/www.associationdemarie.org\/blog\/wp-json\/wp\/v2\/types\/post"}],"author":[{"embeddable":true,"href":"https:\/\/www.associationdemarie.org\/blog\/wp-json\/wp\/v2\/users\/2"}],"replies":[{"embeddable":true,"href":"https:\/\/www.associationdemarie.org\/blog\/wp-json\/wp\/v2\/comments?post=25880"}],"version-history":[{"count":1,"href":"https:\/\/www.associationdemarie.org\/blog\/wp-json\/wp\/v2\/posts\/25880\/revisions"}],"predecessor-version":[{"id":25882,"href":"https:\/\/www.associationdemarie.org\/blog\/wp-json\/wp\/v2\/posts\/25880\/revisions\/25882"}],"wp:attachment":[{"href":"https:\/\/www.associationdemarie.org\/blog\/wp-json\/wp\/v2\/media?parent=25880"}],"wp:term":[{"taxonomy":"category","embeddable":true,"href":"https:\/\/www.associationdemarie.org\/blog\/wp-json\/wp\/v2\/categories?post=25880"},{"taxonomy":"post_tag","embeddable":true,"href":"https:\/\/www.associationdemarie.org\/blog\/wp-json\/wp\/v2\/tags?post=25880"}],"curies":[{"name":"wp","href":"https:\/\/api.w.org\/{rel}","templated":true}]}}