{"id":25871,"date":"2025-08-30T01:31:30","date_gmt":"2025-08-30T00:31:30","guid":{"rendered":"http:\/\/www.associationdemarie.org\/blog\/?p=25871"},"modified":"2025-08-16T06:33:29","modified_gmt":"2025-08-16T05:33:29","slug":"le-christ-me-demandera-des-comptes-2","status":"publish","type":"post","link":"https:\/\/www.associationdemarie.org\/blog\/le-christ-me-demandera-des-comptes-2\/","title":{"rendered":"Le Christ me demandera des comptes&#8230;"},"content":{"rendered":"\n<figure class=\"wp-block-image\"><img loading=\"lazy\" decoding=\"async\" width=\"770\" height=\"433\" src=\"https:\/\/www.associationdemarie.org\/blog\/wp-content\/uploads\/2025\/08\/30-08.jpg\" alt=\"\" class=\"wp-image-25872\" srcset=\"https:\/\/www.associationdemarie.org\/blog\/wp-content\/uploads\/2025\/08\/30-08.jpg 770w, https:\/\/www.associationdemarie.org\/blog\/wp-content\/uploads\/2025\/08\/30-08-300x169.jpg 300w, https:\/\/www.associationdemarie.org\/blog\/wp-content\/uploads\/2025\/08\/30-08-768x432.jpg 768w\" sizes=\"auto, (max-width: 770px) 100vw, 770px\" \/><\/figure>\n\n\n\n<p>Voici que mes p\u00e9ch\u00e9s me causent une vive frayeur, mes omissions me couvrent d\u2019une profonde honte, le gaspillage de ma vie me cause une tr\u00e8s grande crainte. Je redoute ce futur examen o\u00f9 le Christ, l\u2019homme noble, me demandera des comptes. <\/p>\n\n\n\n<p>S\u2019il voulait exiger de moi le temps qu\u2019il m\u2019a remis en d\u00e9p\u00f4t, et l\u2019intelligence, ce talent qu\u2019il m\u2019a confi\u00e9 pour fournir des int\u00e9r\u00eats, sans aucun doute je n\u2019aurais aucune r\u00e9ponse convenable \u00e0 faire \u00e0 ta charit\u00e9. Que ferai-je ? De quel c\u00f4t\u00e9 me tournerai-je ? Je ne puis b\u00eacher la terre ; mendier, j\u2019en ai honte (Lc 16,3). \u00d4 tendresse ! Tendresse ! ouvre ta bouche maintenant ; que ton doux conseil, je t\u2019en supplie, r\u00e9conforte mon \u00e2me. De gr\u00e2ce, r\u00e9ponds-moi : que d\u00e9cideras-tu de me faire dans cette conjoncture, car selon ton nom tu es un c\u0153ur vraiment tendre, et tu connais parfaitement ce qui en cette conjoncture me convient. De gr\u00e2ce, pardonne-moi et viens \u00e0 mon secours et, en cette tribulation, ne me regarde pas avec indiff\u00e9rence. Laisse-toi \u00e9mouvoir par la pauvret\u00e9 de mon esprit et, le c\u0153ur touch\u00e9 de compassion, dis-moi dans ta bont\u00e9 : \u00ab Faisons, toi et moi, bourse commune. \u00bb (Pr 1,14)<\/p>\n\n\n\n<p>\u00d4 Tendresse ! Tendresse ! n\u2019as-tu pas chez toi entrepos\u00e9es tant et de si belles richesses que le ciel et la terre ne suffisent pas \u00e0 les contenir. Toi, tu as contraint mon J\u00e9sus \u00e0 donner son \u00e2me pour mon \u00e2me, pour ma vie la sienne ; de la sorte tu as fait mien tout ce qui est sien et ainsi, par ton abondance, tu as accru les ressources du pauvre. De gr\u00e2ce, convoque mon \u00e2me fam\u00e9lique \u00e0 tes lib\u00e9ralit\u00e9s, afin que je vive \u00e0 pleine vie de tes richesses et que, par toi \u00e9lev\u00e9e, par toi nourrie, je ne d\u00e9faille pas dans le service du Seigneur, jusqu&rsquo;\u00e0 ce que, sous ta conduite, je retourne \u00e0 mon Dieu, et je rende mon esprit \u00e0 celui qui me l\u2019a donn\u00e9 (Qo 12,7).<\/p>\n\n\n\n<h4 class=\"wp-block-heading\">Sainte Gertrude d&rsquo;Helfta (1256-1301)<\/h4>\n","protected":false},"excerpt":{"rendered":"<p>Voici que mes p\u00e9ch\u00e9s me causent une vive frayeur, mes omissions me couvrent d\u2019une profonde honte, le gaspillage de ma vie me cause une tr\u00e8s grande crainte. Je redoute ce futur examen o\u00f9 le Christ, l\u2019homme noble, me demandera des comptes. S\u2019il voulait exiger de moi le temps qu\u2019il m\u2019a remis en d\u00e9p\u00f4t, et l\u2019intelligence, [&hellip;]<\/p>\n","protected":false},"author":2,"featured_media":0,"comment_status":"closed","ping_status":"closed","sticky":false,"template":"","format":"standard","meta":{"footnotes":""},"categories":[13,1261],"tags":[1524],"class_list":["post-25871","post","type-post","status-publish","format-standard","hentry","category-ecritures","category-enseignement-2","tag-ste-gertrude-dhelfta"],"_links":{"self":[{"href":"https:\/\/www.associationdemarie.org\/blog\/wp-json\/wp\/v2\/posts\/25871","targetHints":{"allow":["GET"]}}],"collection":[{"href":"https:\/\/www.associationdemarie.org\/blog\/wp-json\/wp\/v2\/posts"}],"about":[{"href":"https:\/\/www.associationdemarie.org\/blog\/wp-json\/wp\/v2\/types\/post"}],"author":[{"embeddable":true,"href":"https:\/\/www.associationdemarie.org\/blog\/wp-json\/wp\/v2\/users\/2"}],"replies":[{"embeddable":true,"href":"https:\/\/www.associationdemarie.org\/blog\/wp-json\/wp\/v2\/comments?post=25871"}],"version-history":[{"count":1,"href":"https:\/\/www.associationdemarie.org\/blog\/wp-json\/wp\/v2\/posts\/25871\/revisions"}],"predecessor-version":[{"id":25873,"href":"https:\/\/www.associationdemarie.org\/blog\/wp-json\/wp\/v2\/posts\/25871\/revisions\/25873"}],"wp:attachment":[{"href":"https:\/\/www.associationdemarie.org\/blog\/wp-json\/wp\/v2\/media?parent=25871"}],"wp:term":[{"taxonomy":"category","embeddable":true,"href":"https:\/\/www.associationdemarie.org\/blog\/wp-json\/wp\/v2\/categories?post=25871"},{"taxonomy":"post_tag","embeddable":true,"href":"https:\/\/www.associationdemarie.org\/blog\/wp-json\/wp\/v2\/tags?post=25871"}],"curies":[{"name":"wp","href":"https:\/\/api.w.org\/{rel}","templated":true}]}}