{"id":25826,"date":"2025-08-15T01:05:33","date_gmt":"2025-08-15T00:05:33","guid":{"rendered":"http:\/\/www.associationdemarie.org\/blog\/?p=25826"},"modified":"2025-08-01T06:09:10","modified_gmt":"2025-08-01T05:09:10","slug":"solennite-de-lassomption-de-la-vierge-marie-patronne-principale-de-la-france-9","status":"publish","type":"post","link":"https:\/\/www.associationdemarie.org\/blog\/solennite-de-lassomption-de-la-vierge-marie-patronne-principale-de-la-france-9\/","title":{"rendered":"Solennit\u00e9 de l&rsquo;Assomption de la Vierge Marie, patronne principale de la France"},"content":{"rendered":"\n<figure class=\"wp-block-image is-resized\"><img loading=\"lazy\" decoding=\"async\" src=\"https:\/\/www.associationdemarie.org\/blog\/wp-content\/uploads\/2025\/08\/15-08.jpg\" alt=\"\" class=\"wp-image-25827\" width=\"583\" height=\"417\" srcset=\"https:\/\/www.associationdemarie.org\/blog\/wp-content\/uploads\/2025\/08\/15-08.jpg 400w, https:\/\/www.associationdemarie.org\/blog\/wp-content\/uploads\/2025\/08\/15-08-300x215.jpg 300w\" sizes=\"auto, (max-width: 583px) 100vw, 583px\" \/><\/figure>\n\n\n\n<p>Qui c\u00e9l\u00e9brera dignement les louanges de sa tr\u00e8s sainte assomption ? Qui pourra dire avec quel bonheur elle sortit de son corps, avec quel bonheur elle vit son Fils, avec quelle joie elle s\u2019avan\u00e7a vers le Seigneur, entour\u00e9e des ch\u0153urs des anges, port\u00e9e par le z\u00e8le empress\u00e9 des ap\u00f4tres, alors qu\u2019elle contemplait le Roi dans sa beaut\u00e9 et voyait son enfant l\u2019attendre dans la gloire, libre de toute peine comme elle avait \u00e9t\u00e9 exempte de toute tache ? Elle quitta la demeure de son corps pour demeurer \u00e9ternellement avec le Christ. Elle passa dans la vision de Dieu, et son \u00e2me bienheureuse, plus brillante que le soleil, plus \u00e9lev\u00e9e que le ciel, plus noble que les anges, elle l\u2019exhala vers le Seigneur. (\u2026)<\/p>\n\n\n\n<p>N\u2019est-ce pas la vie, quand on va \u00e0 la source de la vie ? et que, de la vie, on puise la vie \u00e9ternelle dans un flux incessant ? Avant son d\u00e9part, la Vierge m\u00e8re a d\u00e9j\u00e0 bu \u00e0 cette source in\u00e9puisable pour que, dans son passage m\u00eame, elle ne f\u00fbt pas touch\u00e9e par le go\u00fbt de la mort, m\u00eame le plus l\u00e9ger. C\u2019est pourquoi en sortant, elle a vu la vie, si bien qu\u2019elle ne vit pas la mort. Elle a vu son Fils, si bien qu\u2019elle ne souffrit pas de la s\u00e9paration de la chair. S\u2019\u00e9lan\u00e7ant donc, lib\u00e9r\u00e9e, dans une si bienheureuse vision et se d\u00e9salt\u00e9rant au visage, si d\u00e9sir\u00e9, de Dieu, elle trouve les v\u00e9n\u00e9rables habitants du ciel pr\u00eats \u00e0 la servir et \u00e0 la conduire.<\/p>\n\n\n\n<h4 class=\"wp-block-heading\">Saint Am\u00e9d\u00e9e de Lausanne (1108-1159)<\/h4>\n","protected":false},"excerpt":{"rendered":"<p>Qui c\u00e9l\u00e9brera dignement les louanges de sa tr\u00e8s sainte assomption ? Qui pourra dire avec quel bonheur elle sortit de son corps, avec quel bonheur elle vit son Fils, avec quelle joie elle s\u2019avan\u00e7a vers le Seigneur, entour\u00e9e des ch\u0153urs des anges, port\u00e9e par le z\u00e8le empress\u00e9 des ap\u00f4tres, alors qu\u2019elle contemplait le Roi dans [&hellip;]<\/p>\n","protected":false},"author":2,"featured_media":0,"comment_status":"closed","ping_status":"closed","sticky":false,"template":"","format":"standard","meta":{"footnotes":""},"categories":[3,28],"tags":[114,1539],"class_list":["post-25826","post","type-post","status-publish","format-standard","hentry","category-liturgique","category-saints-et-saintes","tag-assomption","tag-st-amedee-de-lausanne"],"_links":{"self":[{"href":"https:\/\/www.associationdemarie.org\/blog\/wp-json\/wp\/v2\/posts\/25826","targetHints":{"allow":["GET"]}}],"collection":[{"href":"https:\/\/www.associationdemarie.org\/blog\/wp-json\/wp\/v2\/posts"}],"about":[{"href":"https:\/\/www.associationdemarie.org\/blog\/wp-json\/wp\/v2\/types\/post"}],"author":[{"embeddable":true,"href":"https:\/\/www.associationdemarie.org\/blog\/wp-json\/wp\/v2\/users\/2"}],"replies":[{"embeddable":true,"href":"https:\/\/www.associationdemarie.org\/blog\/wp-json\/wp\/v2\/comments?post=25826"}],"version-history":[{"count":1,"href":"https:\/\/www.associationdemarie.org\/blog\/wp-json\/wp\/v2\/posts\/25826\/revisions"}],"predecessor-version":[{"id":25828,"href":"https:\/\/www.associationdemarie.org\/blog\/wp-json\/wp\/v2\/posts\/25826\/revisions\/25828"}],"wp:attachment":[{"href":"https:\/\/www.associationdemarie.org\/blog\/wp-json\/wp\/v2\/media?parent=25826"}],"wp:term":[{"taxonomy":"category","embeddable":true,"href":"https:\/\/www.associationdemarie.org\/blog\/wp-json\/wp\/v2\/categories?post=25826"},{"taxonomy":"post_tag","embeddable":true,"href":"https:\/\/www.associationdemarie.org\/blog\/wp-json\/wp\/v2\/tags?post=25826"}],"curies":[{"name":"wp","href":"https:\/\/api.w.org\/{rel}","templated":true}]}}