{"id":258,"date":"2009-05-21T10:56:05","date_gmt":"2009-05-21T10:56:05","guid":{"rendered":"http:\/\/preprod.meltem-int.com\/marie\/blog\/?p=258"},"modified":"2009-05-21T10:56:05","modified_gmt":"2009-05-21T10:56:05","slug":"il-est-monte-au-ciel","status":"publish","type":"post","link":"https:\/\/www.associationdemarie.org\/blog\/il-est-monte-au-ciel\/","title":{"rendered":"Il est mont\u00e9 au Ciel."},"content":{"rendered":"<p><img loading=\"lazy\" decoding=\"async\" class=\"alignleft size-medium wp-image-257\" title=\"ascension\" src=\"https:\/\/www.associationdemarie.org\/blog\/wp-content\/uploads\/2009\/05\/ascension-231x300.jpg\" alt=\"ascension\" width=\"231\" height=\"300\" srcset=\"https:\/\/www.associationdemarie.org\/blog\/wp-content\/uploads\/2009\/05\/ascension-231x300.jpg 231w, https:\/\/www.associationdemarie.org\/blog\/wp-content\/uploads\/2009\/05\/ascension.jpg 382w\" sizes=\"auto, (max-width: 231px) 100vw, 231px\" \/>\u00ab L`Ascension du Seigneur \u00bb, c\u00e9l\u00e8bre l`entr\u00e9e du Christ dans la gloire. C`est-\u00e0-dire la fin de Sa pr\u00e9sence visible sur terre. Son d\u00e9part symbolise un nouveau mode de pr\u00e9sence. Car, Il demeure pr\u00e9sent dans les sacrements et tout particuli\u00e8rement celui de l`Eucharistie. L`Ascension est ainsi l`une des f\u00eates les plus importantes du calendrier de l`Eglise catholique. La couleur des ornements liturgiques, c`est-\u00e0-dire les habits du c\u00e9l\u00e9brant et la d\u00e9coration de l`autel, est le blanc. Cette couleur liturgique repr\u00e9sente, la lumi\u00e8re et l`all\u00e9gresse. Pour les chr\u00e9tiens, cette f\u00eate a un sens particulier. Elle marque l`accomplissement de la vie du Christ sur terre. Le fils de Dieu fait homme, n\u00e9 de la Vierge Marie, a assum\u00e9 cette condition humaine depuis Sa venue au monde \u00e0 No\u00ebl. 33 ans plus tard, sa pr\u00e9sence parmi les hommes s`ach\u00e8ve avec la f\u00eate de l`Ascension. Comme le Christ, les hommes sont appel\u00e9s \u00e0 rejoindre Dieu et \u00e0 vivre dans Sa gloire c\u00e9leste. Le Livre des Actes des ap\u00f4tres enseigne qu`au cours d`un repas avec Ses disciples, J\u00e9sus leur a r\u00e9v\u00e9l\u00e9 qu`ils vont recevoir une force (l`Esprit Saint) qui viendra sur eux. Apr\u00e8s ces paroles, ils le virent s`\u00e9lever et dispara\u00eetre \u00e0 leurs yeux dans une nu\u00e9e.<\/p>\n","protected":false},"excerpt":{"rendered":"<p>\u00ab L`Ascension du Seigneur \u00bb, c\u00e9l\u00e8bre l`entr\u00e9e du Christ dans la gloire. C`est-\u00e0-dire la fin de Sa pr\u00e9sence visible sur terre. Son d\u00e9part symbolise un nouveau mode de pr\u00e9sence. Car, Il demeure pr\u00e9sent dans les sacrements et tout particuli\u00e8rement celui de l`Eucharistie. L`Ascension est ainsi l`une des f\u00eates les plus importantes du calendrier de l`Eglise [&hellip;]<\/p>\n","protected":false},"author":2,"featured_media":0,"comment_status":"closed","ping_status":"closed","sticky":false,"template":"","format":"standard","meta":{"footnotes":""},"categories":[13],"tags":[110,220,225,450],"class_list":["post-258","post","type-post","status-publish","format-standard","hentry","category-ecritures","tag-ascension","tag-christ","tag-ciel","tag-gloire"],"_links":{"self":[{"href":"https:\/\/www.associationdemarie.org\/blog\/wp-json\/wp\/v2\/posts\/258","targetHints":{"allow":["GET"]}}],"collection":[{"href":"https:\/\/www.associationdemarie.org\/blog\/wp-json\/wp\/v2\/posts"}],"about":[{"href":"https:\/\/www.associationdemarie.org\/blog\/wp-json\/wp\/v2\/types\/post"}],"author":[{"embeddable":true,"href":"https:\/\/www.associationdemarie.org\/blog\/wp-json\/wp\/v2\/users\/2"}],"replies":[{"embeddable":true,"href":"https:\/\/www.associationdemarie.org\/blog\/wp-json\/wp\/v2\/comments?post=258"}],"version-history":[{"count":0,"href":"https:\/\/www.associationdemarie.org\/blog\/wp-json\/wp\/v2\/posts\/258\/revisions"}],"wp:attachment":[{"href":"https:\/\/www.associationdemarie.org\/blog\/wp-json\/wp\/v2\/media?parent=258"}],"wp:term":[{"taxonomy":"category","embeddable":true,"href":"https:\/\/www.associationdemarie.org\/blog\/wp-json\/wp\/v2\/categories?post=258"},{"taxonomy":"post_tag","embeddable":true,"href":"https:\/\/www.associationdemarie.org\/blog\/wp-json\/wp\/v2\/tags?post=258"}],"curies":[{"name":"wp","href":"https:\/\/api.w.org\/{rel}","templated":true}]}}