{"id":25799,"date":"2025-08-06T01:01:47","date_gmt":"2025-08-06T00:01:47","guid":{"rendered":"http:\/\/www.associationdemarie.org\/blog\/?p=25799"},"modified":"2025-07-23T07:04:38","modified_gmt":"2025-07-23T06:04:38","slug":"fete-de-la-transfiguration-du-seigneur-14","status":"publish","type":"post","link":"https:\/\/www.associationdemarie.org\/blog\/fete-de-la-transfiguration-du-seigneur-14\/","title":{"rendered":"F\u00eate de la Transfiguration du Seigneur"},"content":{"rendered":"\n<figure class=\"wp-block-image is-resized\"><img loading=\"lazy\" decoding=\"async\" src=\"https:\/\/www.associationdemarie.org\/blog\/wp-content\/uploads\/2025\/07\/6-08-la-transfiguration.jpg\" alt=\"\" class=\"wp-image-25800\" width=\"514\" height=\"400\" srcset=\"https:\/\/www.associationdemarie.org\/blog\/wp-content\/uploads\/2025\/07\/6-08-la-transfiguration.jpg 400w, https:\/\/www.associationdemarie.org\/blog\/wp-content\/uploads\/2025\/07\/6-08-la-transfiguration-300x233.jpg 300w\" sizes=\"auto, (max-width: 514px) 100vw, 514px\" \/><\/figure>\n\n\n\n<p>Notre Seigneur J\u00e9sus Christ a emmen\u00e9 Pierre, Jacques et Jean sur la montagne pour leur montrer la gloire de sa divinit\u00e9 et leur faire conna\u00eetre qu&rsquo;il \u00e9tait le R\u00e9dempteur d&rsquo;Isra\u00ebl, comme il l&rsquo;avait montr\u00e9 par les proph\u00e8tes. Il voulait pr\u00e9venir aussi qu&rsquo;ils ne soient pas scandalis\u00e9s \u00e0 la vue des souffrances librement consenties qu&rsquo;il allait souffrir pour nous dans sa nature humaine. Ils le connaissaient en effet comme homme, mais ils ignoraient qu&rsquo;il soit Dieu ; ils le connaissaient comme fils de Marie, un homme s\u00e9journant avec eux dans le monde, mais sur la montagne il leur a fait conna\u00eetre qu&rsquo;il \u00e9tait le Fils de Dieu, et Dieu lui-m\u00eame.<\/p>\n\n\n\n<p>Ils l&rsquo;avaient vu manger et boire, travailler et se reposer, s&rsquo;assoupir et dormir, subir l&rsquo;effroi jusqu&rsquo;aux gouttes de sueur, toutes choses qui ne semblaient gu\u00e8re en harmonie avec sa nature divine et paraissaient ne convenir qu&rsquo;\u00e0 son humanit\u00e9. Voil\u00e0 pourquoi il les a emmen\u00e9s sur la montagne, afin que le P\u00e8re l&rsquo;appelle son Fils et leur montre qu&rsquo;il \u00e9tait vraiment son Fils et qu&rsquo;il \u00e9tait Dieu. Il les a emmen\u00e9s sur la montagne et leur a montr\u00e9 son R\u00e8gne avant de manifester ses souffrances, sa puissance avant sa mort, sa gloire avant les outrages et son honneur avant l&rsquo;ignominie. Ainsi, lorsqu&rsquo;il serait pris et crucifi\u00e9, ses ap\u00f4tres sauraient qu&rsquo;il ne l&rsquo;avait pas \u00e9t\u00e9 par faiblesse mais par consentement et de son plein gr\u00e9, pour le salut du monde.<\/p>\n\n\n\n<h4 class=\"wp-block-heading\">Un auteur syriaque anonyme du 6e si\u00e8cle<\/h4>\n","protected":false},"excerpt":{"rendered":"<p>Notre Seigneur J\u00e9sus Christ a emmen\u00e9 Pierre, Jacques et Jean sur la montagne pour leur montrer la gloire de sa divinit\u00e9 et leur faire conna\u00eetre qu&rsquo;il \u00e9tait le R\u00e9dempteur d&rsquo;Isra\u00ebl, comme il l&rsquo;avait montr\u00e9 par les proph\u00e8tes. Il voulait pr\u00e9venir aussi qu&rsquo;ils ne soient pas scandalis\u00e9s \u00e0 la vue des souffrances librement consenties qu&rsquo;il allait [&hellip;]<\/p>\n","protected":false},"author":2,"featured_media":0,"comment_status":"closed","ping_status":"closed","sticky":false,"template":"","format":"standard","meta":{"footnotes":""},"categories":[3],"tags":[1149],"class_list":["post-25799","post","type-post","status-publish","format-standard","hentry","category-liturgique","tag-transfiguration"],"_links":{"self":[{"href":"https:\/\/www.associationdemarie.org\/blog\/wp-json\/wp\/v2\/posts\/25799","targetHints":{"allow":["GET"]}}],"collection":[{"href":"https:\/\/www.associationdemarie.org\/blog\/wp-json\/wp\/v2\/posts"}],"about":[{"href":"https:\/\/www.associationdemarie.org\/blog\/wp-json\/wp\/v2\/types\/post"}],"author":[{"embeddable":true,"href":"https:\/\/www.associationdemarie.org\/blog\/wp-json\/wp\/v2\/users\/2"}],"replies":[{"embeddable":true,"href":"https:\/\/www.associationdemarie.org\/blog\/wp-json\/wp\/v2\/comments?post=25799"}],"version-history":[{"count":1,"href":"https:\/\/www.associationdemarie.org\/blog\/wp-json\/wp\/v2\/posts\/25799\/revisions"}],"predecessor-version":[{"id":25801,"href":"https:\/\/www.associationdemarie.org\/blog\/wp-json\/wp\/v2\/posts\/25799\/revisions\/25801"}],"wp:attachment":[{"href":"https:\/\/www.associationdemarie.org\/blog\/wp-json\/wp\/v2\/media?parent=25799"}],"wp:term":[{"taxonomy":"category","embeddable":true,"href":"https:\/\/www.associationdemarie.org\/blog\/wp-json\/wp\/v2\/categories?post=25799"},{"taxonomy":"post_tag","embeddable":true,"href":"https:\/\/www.associationdemarie.org\/blog\/wp-json\/wp\/v2\/tags?post=25799"}],"curies":[{"name":"wp","href":"https:\/\/api.w.org\/{rel}","templated":true}]}}