{"id":25784,"date":"2025-08-01T01:12:38","date_gmt":"2025-08-01T00:12:38","guid":{"rendered":"http:\/\/www.associationdemarie.org\/blog\/?p=25784"},"modified":"2025-07-18T09:15:06","modified_gmt":"2025-07-18T08:15:06","slug":"nest-il-pas-le-fils-du-charpentier-7","status":"publish","type":"post","link":"https:\/\/www.associationdemarie.org\/blog\/nest-il-pas-le-fils-du-charpentier-7\/","title":{"rendered":"\u00ab N&rsquo;est-il pas le fils du charpentier ? \u00bb"},"content":{"rendered":"\n<figure class=\"wp-block-image\"><img loading=\"lazy\" decoding=\"async\" width=\"1024\" height=\"512\" src=\"https:\/\/www.associationdemarie.org\/blog\/wp-content\/uploads\/2025\/07\/01-08-1024x512.jpg\" alt=\"\" class=\"wp-image-25785\" srcset=\"https:\/\/www.associationdemarie.org\/blog\/wp-content\/uploads\/2025\/07\/01-08-1024x512.jpg 1024w, https:\/\/www.associationdemarie.org\/blog\/wp-content\/uploads\/2025\/07\/01-08-300x150.jpg 300w, https:\/\/www.associationdemarie.org\/blog\/wp-content\/uploads\/2025\/07\/01-08-768x384.jpg 768w, https:\/\/www.associationdemarie.org\/blog\/wp-content\/uploads\/2025\/07\/01-08.jpg 1200w\" sizes=\"auto, (max-width: 1024px) 100vw, 1024px\" \/><\/figure>\n\n\n\n<p>La communion de vie entre Joseph et J\u00e9sus nous am\u00e8ne \u00e0 consid\u00e9rer le myst\u00e8re de l&rsquo;Incarnation sous l&rsquo;aspect de l&rsquo;humanit\u00e9 du Christ, instrument efficace de la divinit\u00e9 pour la sanctification des hommes : \u00ab En vertu de la divinit\u00e9, les actions humaines du Christ ont \u00e9t\u00e9 salutaires pour nous, produisant en nous la gr\u00e2ce tant en raison du m\u00e9rite que par une certaine efficacit\u00e9 \u00bb (S. Thomas d&rsquo;Aquin).<\/p>\n\n\n\n<p>Parmi ces actions, les \u00e9vang\u00e9listes privil\u00e9gient celles qui concernent le myst\u00e8re pascal, mais ils n&rsquo;omettent pas de souligner l&rsquo;importance du contact physique avec J\u00e9sus\u2026 Le t\u00e9moignage apostolique n&rsquo;a pas omis de d\u00e9crire la naissance de J\u00e9sus, la circoncision, la pr\u00e9sentation au Temple, la fuite en \u00c9gypte et la vie cach\u00e9e \u00e0 Nazareth, et cela en raison du myst\u00e8re de gr\u00e2ce contenu dans de tels gestes, tous salvifiques, parce qu&rsquo;ils participent de la m\u00eame source d&rsquo;amour : la divinit\u00e9 du Christ. Si cet amour, par son humanit\u00e9, rayonnait sur tous les hommes, les premiers b\u00e9n\u00e9ficiaires en \u00e9taient bien \u00e9videmment ceux que la volont\u00e9 divine avait plac\u00e9s dans son intimit\u00e9 la plus \u00e9troite : Marie, sa m\u00e8re, et Joseph, son p\u00e8re putatif.<\/p>\n\n\n\n<p>Puisque l&rsquo;amour paternel de Joseph ne pouvait pas ne pas influer sur l&rsquo;amour filial de J\u00e9sus et que, r\u00e9ciproquement, l&rsquo;amour filial de J\u00e9sus ne pouvait pas ne pas influer sur l&rsquo;amour paternel de Joseph, comment arriver \u00e0 conna\u00eetre en profondeur cette relation tout \u00e0 fait singuli\u00e8re ? Les \u00e2mes les plus sensibles aux impulsions de l&rsquo;amour divin voient \u00e0 juste titre en Joseph un exemple lumineux de vie int\u00e9rieure.<\/p>\n\n\n\n<h4 class=\"wp-block-heading\">Saint Jean-Paul II (1920-2005)<\/h4>\n","protected":false},"excerpt":{"rendered":"<p>La communion de vie entre Joseph et J\u00e9sus nous am\u00e8ne \u00e0 consid\u00e9rer le myst\u00e8re de l&rsquo;Incarnation sous l&rsquo;aspect de l&rsquo;humanit\u00e9 du Christ, instrument efficace de la divinit\u00e9 pour la sanctification des hommes : \u00ab En vertu de la divinit\u00e9, les actions humaines du Christ ont \u00e9t\u00e9 salutaires pour nous, produisant en nous la gr\u00e2ce tant [&hellip;]<\/p>\n","protected":false},"author":2,"featured_media":0,"comment_status":"closed","ping_status":"closed","sticky":false,"template":"","format":"standard","meta":{"footnotes":""},"categories":[28],"tags":[1253,1049,1093],"class_list":["post-25784","post","type-post","status-publish","format-standard","hentry","category-saints-et-saintes","tag-st-jean-paul-2","tag-st-joseph","tag-ste-famille"],"_links":{"self":[{"href":"https:\/\/www.associationdemarie.org\/blog\/wp-json\/wp\/v2\/posts\/25784","targetHints":{"allow":["GET"]}}],"collection":[{"href":"https:\/\/www.associationdemarie.org\/blog\/wp-json\/wp\/v2\/posts"}],"about":[{"href":"https:\/\/www.associationdemarie.org\/blog\/wp-json\/wp\/v2\/types\/post"}],"author":[{"embeddable":true,"href":"https:\/\/www.associationdemarie.org\/blog\/wp-json\/wp\/v2\/users\/2"}],"replies":[{"embeddable":true,"href":"https:\/\/www.associationdemarie.org\/blog\/wp-json\/wp\/v2\/comments?post=25784"}],"version-history":[{"count":1,"href":"https:\/\/www.associationdemarie.org\/blog\/wp-json\/wp\/v2\/posts\/25784\/revisions"}],"predecessor-version":[{"id":25786,"href":"https:\/\/www.associationdemarie.org\/blog\/wp-json\/wp\/v2\/posts\/25784\/revisions\/25786"}],"wp:attachment":[{"href":"https:\/\/www.associationdemarie.org\/blog\/wp-json\/wp\/v2\/media?parent=25784"}],"wp:term":[{"taxonomy":"category","embeddable":true,"href":"https:\/\/www.associationdemarie.org\/blog\/wp-json\/wp\/v2\/categories?post=25784"},{"taxonomy":"post_tag","embeddable":true,"href":"https:\/\/www.associationdemarie.org\/blog\/wp-json\/wp\/v2\/tags?post=25784"}],"curies":[{"name":"wp","href":"https:\/\/api.w.org\/{rel}","templated":true}]}}