{"id":25695,"date":"2025-07-03T01:39:23","date_gmt":"2025-07-03T00:39:23","guid":{"rendered":"http:\/\/www.associationdemarie.org\/blog\/?p=25695"},"modified":"2025-06-19T06:42:00","modified_gmt":"2025-06-19T05:42:00","slug":"fete-de-saint-thomas-apotre-8","status":"publish","type":"post","link":"https:\/\/www.associationdemarie.org\/blog\/fete-de-saint-thomas-apotre-8\/","title":{"rendered":"F\u00eate de saint Thomas, ap\u00f4tre"},"content":{"rendered":"\n<div class=\"wp-block-image\"><figure class=\"aligncenter is-resized\"><img loading=\"lazy\" decoding=\"async\" src=\"https:\/\/www.associationdemarie.org\/blog\/wp-content\/uploads\/2025\/06\/3-07.jpg\" alt=\"\" class=\"wp-image-25696\" width=\"452\" height=\"260\"\/><\/figure><\/div>\n\n\n\n<p>\u00ab Mets ton doigt dans la marque des clous \u00bb, dit J\u00e9sus \u00e0 Thomas. \u00ab Tu me cherchais quand je n&rsquo;\u00e9tais pas l\u00e0, profites-en maintenant. Je connais ton d\u00e9sir malgr\u00e9 ton silence. Avant que tu ne me le dises, je sais ce que tu penses. Je t&rsquo;ai entendu parler, et quoique invisible, j&rsquo;\u00e9tais aupr\u00e8s de toi, aupr\u00e8s de tes doutes, et sans me faire voir, je t&rsquo;ai fait attendre, pour mieux regarder ton impatience. Mets ton doigt dans la marque des clous. Mets ta main dans mon c\u00f4t\u00e9, et ne sois plus incr\u00e9dule, mais crois. \u00bb<\/p>\n\n\n\n<p>Alors Thomas le touche : toute sa d\u00e9fiance tombe et rempli d&rsquo;une foi sinc\u00e8re et de tout l&rsquo;amour que l&rsquo;on doit \u00e0 son Dieu, il s&rsquo;\u00e9crie : \u00ab Mon Seigneur et mon Dieu ! \u00bb Et le Seigneur lui dit : \u00ab Parce que tu m&rsquo;as vu, tu as cru ; heureux ceux qui n&rsquo;ont pas vu et qui ont cru ! Thomas, porte la nouvelle de ma r\u00e9surrection \u00e0 ceux qui ne m&rsquo;ont pas vu. Entra\u00eene toute la terre \u00e0 croire non \u00e0 ses yeux, mais \u00e0 ta parole. Parcours les peuples et les cit\u00e9s pa\u00efennes. Apprends-leur \u00e0 porter la croix sur les \u00e9paules au lieu des armes\u2026 Dis-leur qu&rsquo;ils sont appel\u00e9s par la gr\u00e2ce, et toi, contemple leur foi : heureux, en v\u00e9rit\u00e9, ceux qui n&rsquo;ont pas vu et ont cru ! \u00bb<\/p>\n\n\n\n<p>Telle est l&rsquo;arm\u00e9e que l\u00e8ve le Seigneur ; tels sont les enfants de la piscine baptismale, les \u0153uvres de la gr\u00e2ce, la moisson de l&rsquo;Esprit. Ils ont suivi le Christ sans l&rsquo;avoir vu, ils l&rsquo;ont cherch\u00e9 et ils ont cru. Ils ont reconnu avec les yeux de la foi, non du corps. Ils n&rsquo;ont pas mis leurs doigts dans les marques des clous, mais ils se sont attach\u00e9s \u00e0 sa croix et ont embrass\u00e9 ses souffrances. Ils n&rsquo;ont pas vu le c\u00f4t\u00e9 du Seigneur, mais par la gr\u00e2ce ils se sont unis \u00e0 ses membres et ils ont fait leur cette parole du Seigneur : \u00ab Heureux ceux qui n&rsquo;ont pas vu et qui ont cru ! \u00bb<\/p>\n\n\n\n<h4 class=\"wp-block-heading\">Basile de S\u00e9leucie (?-v. 468)<\/h4>\n","protected":false},"excerpt":{"rendered":"<p>\u00ab Mets ton doigt dans la marque des clous \u00bb, dit J\u00e9sus \u00e0 Thomas. \u00ab Tu me cherchais quand je n&rsquo;\u00e9tais pas l\u00e0, profites-en maintenant. Je connais ton d\u00e9sir malgr\u00e9 ton silence. Avant que tu ne me le dises, je sais ce que tu penses. Je t&rsquo;ai entendu parler, et quoique invisible, j&rsquo;\u00e9tais aupr\u00e8s de [&hellip;]<\/p>\n","protected":false},"author":2,"featured_media":0,"comment_status":"closed","ping_status":"closed","sticky":false,"template":"","format":"standard","meta":{"footnotes":""},"categories":[3,28],"tags":[425,1289,1081],"class_list":["post-25695","post","type-post","status-publish","format-standard","hentry","category-liturgique","category-saints-et-saintes","tag-foi","tag-st-basile","tag-st-thomas"],"_links":{"self":[{"href":"https:\/\/www.associationdemarie.org\/blog\/wp-json\/wp\/v2\/posts\/25695","targetHints":{"allow":["GET"]}}],"collection":[{"href":"https:\/\/www.associationdemarie.org\/blog\/wp-json\/wp\/v2\/posts"}],"about":[{"href":"https:\/\/www.associationdemarie.org\/blog\/wp-json\/wp\/v2\/types\/post"}],"author":[{"embeddable":true,"href":"https:\/\/www.associationdemarie.org\/blog\/wp-json\/wp\/v2\/users\/2"}],"replies":[{"embeddable":true,"href":"https:\/\/www.associationdemarie.org\/blog\/wp-json\/wp\/v2\/comments?post=25695"}],"version-history":[{"count":1,"href":"https:\/\/www.associationdemarie.org\/blog\/wp-json\/wp\/v2\/posts\/25695\/revisions"}],"predecessor-version":[{"id":25697,"href":"https:\/\/www.associationdemarie.org\/blog\/wp-json\/wp\/v2\/posts\/25695\/revisions\/25697"}],"wp:attachment":[{"href":"https:\/\/www.associationdemarie.org\/blog\/wp-json\/wp\/v2\/media?parent=25695"}],"wp:term":[{"taxonomy":"category","embeddable":true,"href":"https:\/\/www.associationdemarie.org\/blog\/wp-json\/wp\/v2\/categories?post=25695"},{"taxonomy":"post_tag","embeddable":true,"href":"https:\/\/www.associationdemarie.org\/blog\/wp-json\/wp\/v2\/tags?post=25695"}],"curies":[{"name":"wp","href":"https:\/\/api.w.org\/{rel}","templated":true}]}}