{"id":25686,"date":"2025-07-01T01:52:39","date_gmt":"2025-07-01T00:52:39","guid":{"rendered":"http:\/\/www.associationdemarie.org\/blog\/?p=25686"},"modified":"2025-06-17T06:55:54","modified_gmt":"2025-06-17T05:55:54","slug":"quel-est-donc-celui-ci-pour-que-meme-les-vents-et-la-mer-lui-obeissent-3","status":"publish","type":"post","link":"https:\/\/www.associationdemarie.org\/blog\/quel-est-donc-celui-ci-pour-que-meme-les-vents-et-la-mer-lui-obeissent-3\/","title":{"rendered":"\u00ab Quel est donc celui-ci, pour que m\u00eame les vents et la mer lui ob\u00e9issent ? \u00bb"},"content":{"rendered":"\n<figure class=\"wp-block-image\"><img loading=\"lazy\" decoding=\"async\" width=\"983\" height=\"575\" src=\"https:\/\/www.associationdemarie.org\/blog\/wp-content\/uploads\/2025\/06\/1-07.jpg\" alt=\"\" class=\"wp-image-25688\" srcset=\"https:\/\/www.associationdemarie.org\/blog\/wp-content\/uploads\/2025\/06\/1-07.jpg 983w, https:\/\/www.associationdemarie.org\/blog\/wp-content\/uploads\/2025\/06\/1-07-300x175.jpg 300w, https:\/\/www.associationdemarie.org\/blog\/wp-content\/uploads\/2025\/06\/1-07-768x449.jpg 768w\" sizes=\"auto, (max-width: 983px) 100vw, 983px\" \/><\/figure>\n\n\n\n<p>La tradition des chr\u00e9tiens n&rsquo;a pas une origine terrestre ; ce qu&rsquo;ils conservent avec tant de soin n&rsquo;est pas l&rsquo;invention d&rsquo;un mortel\u2026 En v\u00e9rit\u00e9 le Tout-Puissant lui-m\u00eame, le Cr\u00e9ateur de toutes choses, l&rsquo;Invisible, Dieu lui-m\u00eame a \u00e9tabli chez les hommes la v\u00e9rit\u00e9 en envoyant du haut des cieux sa Parole, le Verbe saint et insondable, et l&rsquo;a affermi dans leurs c\u0153urs.<\/p>\n\n\n\n<p>Il n&rsquo;a pas envoy\u00e9 aux hommes, comme certains pourraient l&rsquo;imaginer, quelque subordonn\u00e9, ange ou un des esprits charg\u00e9s des affaires terrestres ou \u00e0 qui est confi\u00e9 le gouvernement du ciel (cf Ep 1,21), mais bien \u00ab le b\u00e2tisseur et l&rsquo;architecte \u00bb de l&rsquo;univers (He 11,10). C&rsquo;est par lui que Dieu a cr\u00e9\u00e9 les cieux, par lui qu&rsquo;il a enferm\u00e9 la mer dans ses limites ; c&rsquo;est lui dont tous les \u00e9l\u00e9ments cosmiques observent fid\u00e8lement les lois myst\u00e9rieuses ; lui de qui le soleil a re\u00e7u la r\u00e8gle qu&rsquo;il doit observer dans sa course journali\u00e8re ; lui \u00e0 qui ob\u00e9it la lune, brillant pendant la nuit ; lui \u00e0 qui ob\u00e9issent les astres qui accompagnent la lune dans son cours. C&rsquo;est de lui que toutes choses ont re\u00e7u disposition, limites et hi\u00e9rarchies : les cieux et tout ce qui est dans les cieux ; la terre et tout ce qui est sur la terre ; la mer et tout ce qui est dans la mer, le feu, l&rsquo;air, l&rsquo;ab\u00eeme, le monde d&rsquo;en haut, celui d&rsquo;en bas, les r\u00e9gions interm\u00e9diaires : c&rsquo;est lui que Dieu a envoy\u00e9 aux hommes.<\/p>\n\n\n\n<p>Et non pas, comme une intelligence humaine pourrait le penser, pour la tyrannie, la terreur et l&rsquo;\u00e9pouvante \u2013 pas du tout ! Mais en toute bont\u00e9 et douceur, il l&rsquo;a envoy\u00e9 comme un roi envoie son fils (cf Mt 21,37), comme le dieu qu&rsquo;il \u00e9tait. Il l&rsquo;a envoy\u00e9 comme il convenait pour les hommes : pour les sauver par la persuasion, non par la violence. Il n&rsquo;y a pas de violence en Dieu.<\/p>\n\n\n\n<h4 class=\"wp-block-heading\">La Lettre \u00e0 Diogn\u00e8te (v. 200)<\/h4>\n","protected":false},"excerpt":{"rendered":"<p>La tradition des chr\u00e9tiens n&rsquo;a pas une origine terrestre ; ce qu&rsquo;ils conservent avec tant de soin n&rsquo;est pas l&rsquo;invention d&rsquo;un mortel\u2026 En v\u00e9rit\u00e9 le Tout-Puissant lui-m\u00eame, le Cr\u00e9ateur de toutes choses, l&rsquo;Invisible, Dieu lui-m\u00eame a \u00e9tabli chez les hommes la v\u00e9rit\u00e9 en envoyant du haut des cieux sa Parole, le Verbe saint et insondable, [&hellip;]<\/p>\n","protected":false},"author":2,"featured_media":0,"comment_status":"closed","ping_status":"closed","sticky":false,"template":"","format":"standard","meta":{"footnotes":""},"categories":[13,1261],"tags":[301,1129],"class_list":["post-25686","post","type-post","status-publish","format-standard","hentry","category-ecritures","category-enseignement-2","tag-diognete","tag-tempete"],"_links":{"self":[{"href":"https:\/\/www.associationdemarie.org\/blog\/wp-json\/wp\/v2\/posts\/25686","targetHints":{"allow":["GET"]}}],"collection":[{"href":"https:\/\/www.associationdemarie.org\/blog\/wp-json\/wp\/v2\/posts"}],"about":[{"href":"https:\/\/www.associationdemarie.org\/blog\/wp-json\/wp\/v2\/types\/post"}],"author":[{"embeddable":true,"href":"https:\/\/www.associationdemarie.org\/blog\/wp-json\/wp\/v2\/users\/2"}],"replies":[{"embeddable":true,"href":"https:\/\/www.associationdemarie.org\/blog\/wp-json\/wp\/v2\/comments?post=25686"}],"version-history":[{"count":2,"href":"https:\/\/www.associationdemarie.org\/blog\/wp-json\/wp\/v2\/posts\/25686\/revisions"}],"predecessor-version":[{"id":25689,"href":"https:\/\/www.associationdemarie.org\/blog\/wp-json\/wp\/v2\/posts\/25686\/revisions\/25689"}],"wp:attachment":[{"href":"https:\/\/www.associationdemarie.org\/blog\/wp-json\/wp\/v2\/media?parent=25686"}],"wp:term":[{"taxonomy":"category","embeddable":true,"href":"https:\/\/www.associationdemarie.org\/blog\/wp-json\/wp\/v2\/categories?post=25686"},{"taxonomy":"post_tag","embeddable":true,"href":"https:\/\/www.associationdemarie.org\/blog\/wp-json\/wp\/v2\/tags?post=25686"}],"curies":[{"name":"wp","href":"https:\/\/api.w.org\/{rel}","templated":true}]}}