{"id":25677,"date":"2025-06-28T01:48:57","date_gmt":"2025-06-28T00:48:57","guid":{"rendered":"http:\/\/www.associationdemarie.org\/blog\/?p=25677"},"modified":"2025-06-14T07:51:18","modified_gmt":"2025-06-14T06:51:18","slug":"les-vertus-du-coeur-de-la-vierge","status":"publish","type":"post","link":"https:\/\/www.associationdemarie.org\/blog\/les-vertus-du-coeur-de-la-vierge\/","title":{"rendered":"Les vertus du c\u0153ur de la Vierge"},"content":{"rendered":"\n<figure class=\"wp-block-image\"><img loading=\"lazy\" decoding=\"async\" width=\"573\" height=\"382\" src=\"https:\/\/www.associationdemarie.org\/blog\/wp-content\/uploads\/2025\/06\/28-06-Vierge-Marie.png\" alt=\"\" class=\"wp-image-25678\" srcset=\"https:\/\/www.associationdemarie.org\/blog\/wp-content\/uploads\/2025\/06\/28-06-Vierge-Marie.png 573w, https:\/\/www.associationdemarie.org\/blog\/wp-content\/uploads\/2025\/06\/28-06-Vierge-Marie-300x200.png 300w\" sizes=\"auto, (max-width: 573px) 100vw, 573px\" \/><\/figure>\n\n\n\n<p>Durant la messe o\u00f9 Gertrude devait communier, elle vit la glorieuse M\u00e8re du Seigneur merveilleusement orn\u00e9e de l\u2019\u00e9clat de toutes les vertus. Se jetant humblement \u00e0 ses pieds, l\u2019\u00e2me se mit \u00e0 la prier de daigner la pr\u00e9parer \u00e0 recevoir le corps et le sang tr\u00e8s saints de son Fils. La bienheureuse Vierge lui mit alors sur la poitrine un collier de toute beaut\u00e9 qui avait comme sept pointes, et sur chacune une sorte de pierrerie extr\u00eamement pr\u00e9cieuse.<\/p>\n\n\n\n<p>Cela symbolisait les principales vertus par lesquelles la Vierge avait plu au Seigneur. La premi\u00e8re des pierreries figurait sa puret\u00e9 attrayante ; la seconde, son humilit\u00e9 f\u00e9conde ; la troisi\u00e8me, ses fervents d\u00e9sirs ; la quatri\u00e8me, sa lumineuse connaissance ; la cinqui\u00e8me, son amour inextinguible ; la sixi\u00e8me, sa joie souveraine ; la septi\u00e8me, sa paix inalt\u00e9rable. Or, lorsque l\u2019\u00e2me se pr\u00e9senta aux regards de Dieu, orn\u00e9e de ce collier, le Seigneur fut tellement charm\u00e9 et captiv\u00e9 par la beaut\u00e9 de ces vertus, que, comme ravi d\u2019amour, il s\u2019inclina vers elle avec la toute-puissance de sa divinit\u00e9, l\u2019attira \u2013 \u00f4 merveille ! \u2013 tout enti\u00e8re \u00e0 lui et, la pressant tendrement sur son C\u0153ur, lui prodigua ses affectueuses caresses.<\/p>\n\n\n\n<p>(\u2026)L\u2019Esprit Saint, tel une brise infiniment l\u00e9g\u00e8re, semblait venir du C\u0153ur du Seigneur, et, de son souffle plein de suavit\u00e9, faire avec douceur le tour des sept pierreries du collier port\u00e9 par l\u2019\u00e2me. Elles lui servaient comme d\u2019instrument de musique pour chanter cette antienne \u00e0 la louange de la Trinit\u00e9 supr\u00eame.<\/p>\n\n\n\n<h4 class=\"wp-block-heading\">Sainte Gertrude d&rsquo;Helfta (1256-1301)<\/h4>\n","protected":false},"excerpt":{"rendered":"<p>Durant la messe o\u00f9 Gertrude devait communier, elle vit la glorieuse M\u00e8re du Seigneur merveilleusement orn\u00e9e de l\u2019\u00e9clat de toutes les vertus. Se jetant humblement \u00e0 ses pieds, l\u2019\u00e2me se mit \u00e0 la prier de daigner la pr\u00e9parer \u00e0 recevoir le corps et le sang tr\u00e8s saints de son Fils. La bienheureuse Vierge lui mit [&hellip;]<\/p>\n","protected":false},"author":2,"featured_media":0,"comment_status":"closed","ping_status":"closed","sticky":false,"template":"","format":"standard","meta":{"footnotes":""},"categories":[3,28],"tags":[915,1524],"class_list":["post-25677","post","type-post","status-publish","format-standard","hentry","category-liturgique","category-saints-et-saintes","tag-sacre-coeur-de-marie","tag-ste-gertrude-dhelfta"],"_links":{"self":[{"href":"https:\/\/www.associationdemarie.org\/blog\/wp-json\/wp\/v2\/posts\/25677","targetHints":{"allow":["GET"]}}],"collection":[{"href":"https:\/\/www.associationdemarie.org\/blog\/wp-json\/wp\/v2\/posts"}],"about":[{"href":"https:\/\/www.associationdemarie.org\/blog\/wp-json\/wp\/v2\/types\/post"}],"author":[{"embeddable":true,"href":"https:\/\/www.associationdemarie.org\/blog\/wp-json\/wp\/v2\/users\/2"}],"replies":[{"embeddable":true,"href":"https:\/\/www.associationdemarie.org\/blog\/wp-json\/wp\/v2\/comments?post=25677"}],"version-history":[{"count":1,"href":"https:\/\/www.associationdemarie.org\/blog\/wp-json\/wp\/v2\/posts\/25677\/revisions"}],"predecessor-version":[{"id":25679,"href":"https:\/\/www.associationdemarie.org\/blog\/wp-json\/wp\/v2\/posts\/25677\/revisions\/25679"}],"wp:attachment":[{"href":"https:\/\/www.associationdemarie.org\/blog\/wp-json\/wp\/v2\/media?parent=25677"}],"wp:term":[{"taxonomy":"category","embeddable":true,"href":"https:\/\/www.associationdemarie.org\/blog\/wp-json\/wp\/v2\/categories?post=25677"},{"taxonomy":"post_tag","embeddable":true,"href":"https:\/\/www.associationdemarie.org\/blog\/wp-json\/wp\/v2\/tags?post=25677"}],"curies":[{"name":"wp","href":"https:\/\/api.w.org\/{rel}","templated":true}]}}