{"id":25665,"date":"2025-06-24T01:38:53","date_gmt":"2025-06-24T00:38:53","guid":{"rendered":"http:\/\/www.associationdemarie.org\/blog\/?p=25665"},"modified":"2025-06-10T06:41:24","modified_gmt":"2025-06-10T05:41:24","slug":"nativite-de-saint-jean-baptiste-solennite-11","status":"publish","type":"post","link":"https:\/\/www.associationdemarie.org\/blog\/nativite-de-saint-jean-baptiste-solennite-11\/","title":{"rendered":"Nativit\u00e9 de saint Jean Baptiste, solennit\u00e9"},"content":{"rendered":"\n<div class=\"wp-block-image\"><figure class=\"aligncenter\"><img loading=\"lazy\" decoding=\"async\" width=\"225\" height=\"225\" src=\"https:\/\/www.associationdemarie.org\/blog\/wp-content\/uploads\/2025\/06\/24-06.jpg\" alt=\"\" class=\"wp-image-25666\" srcset=\"https:\/\/www.associationdemarie.org\/blog\/wp-content\/uploads\/2025\/06\/24-06.jpg 225w, https:\/\/www.associationdemarie.org\/blog\/wp-content\/uploads\/2025\/06\/24-06-150x150.jpg 150w\" sizes=\"auto, (max-width: 225px) 100vw, 225px\" \/><\/figure><\/div>\n\n\n\n<p>Avant Jean Baptiste, on a vu de grands, de saints proph\u00e8tes en grand nombre, dignes de Dieu, pleins de son Esprit, qui annon\u00e7aient l&rsquo;av\u00e8nement du Seigneur et rendaient t\u00e9moignage \u00e0 la v\u00e9rit\u00e9. Cependant on n&rsquo;a pas dit d&rsquo;eux ce qui a \u00e9t\u00e9 dit de Jean Baptiste : \u00ab Parmi les enfants des femmes, il n&rsquo;y en a pas eu de plus grand que Jean \u00bb (Mt 11,1). Pourquoi donc cette grandeur envoy\u00e9e devant celui qui est la grandeur m\u00eame ? Pour donner un t\u00e9moignage de la profonde humilit\u00e9 du Pr\u00e9curseur. <\/p>\n\n\n\n<p>Il \u00e9tait si grand qu&rsquo;on aurait pu le prendre pour le Christ. Rien de plus facile\u2026 puisque sans qu&rsquo;il le dise, c&rsquo;est ce que croyaient ceux qui l&rsquo;entendaient et le voyaient\u2026 Mais cet humble ami de l&rsquo;\u00e9poux, z\u00e9l\u00e9 pour l&rsquo;honneur de l&rsquo;\u00e9poux, ne veut pas prendre la place de l&rsquo;\u00e9poux, comme un adult\u00e8re. Il rend t\u00e9moignage \u00e0 son ami, il recommande \u00e0 l&rsquo;\u00e9pouse l&rsquo;\u00e9poux v\u00e9ritable, et il a horreur d&rsquo;\u00eatre aim\u00e9 \u00e0 sa place parce qu&rsquo;il ne veut \u00eatre aim\u00e9 qu&rsquo;en lui. \u00ab L&rsquo;ami de l&rsquo;\u00e9poux se tient debout et l&rsquo;\u00e9coute ; il se r\u00e9jouit d&rsquo;une grande joie \u00e0 sa voix. \u00bb<\/p>\n\n\n\n<p>Le disciple \u00e9coute le ma\u00eetre ; il est debout parce qu&rsquo;il l&rsquo;\u00e9coute, car s&rsquo;il refuse de l&rsquo;\u00e9couter sa chute est certaine. Ce qui rel\u00e8ve \u00e0 nos yeux la grandeur de Jean, c&rsquo;est qu&rsquo;il pouvait \u00eatre pris pour le Christ et que, cependant, il a pr\u00e9f\u00e9r\u00e9 rendre t\u00e9moignage \u00e0 J\u00e9sus Christ, proclamer sa grandeur et s&rsquo;humilier que de passer pour le Messie et se tromper lui-m\u00eame en trompant les autres. C&rsquo;est donc \u00e0 juste titre que J\u00e9sus dit de lui qu&rsquo;il \u00e9tait plus qu&rsquo;un proph\u00e8te\u2026 Jean s&rsquo;est humili\u00e9 devant la grandeur du Seigneur pour m\u00e9riter que son humilit\u00e9 soit relev\u00e9e par cette grandeur\u2026 \u00ab Je ne suis pas digne, dit-il, de d\u00e9nouer la courroie de ses sandales. \u00bb (Mc 1,7)<\/p>\n\n\n\n<h4 class=\"wp-block-heading\">Saint Augustin (354-430)<\/h4>\n","protected":false},"excerpt":{"rendered":"<p>Avant Jean Baptiste, on a vu de grands, de saints proph\u00e8tes en grand nombre, dignes de Dieu, pleins de son Esprit, qui annon\u00e7aient l&rsquo;av\u00e8nement du Seigneur et rendaient t\u00e9moignage \u00e0 la v\u00e9rit\u00e9. Cependant on n&rsquo;a pas dit d&rsquo;eux ce qui a \u00e9t\u00e9 dit de Jean Baptiste : \u00ab Parmi les enfants des femmes, il n&rsquo;y [&hellip;]<\/p>\n","protected":false},"author":2,"featured_media":0,"comment_status":"closed","ping_status":"closed","sticky":false,"template":"","format":"standard","meta":{"footnotes":""},"categories":[3,28],"tags":[707,1012,1042],"class_list":["post-25665","post","type-post","status-publish","format-standard","hentry","category-liturgique","category-saints-et-saintes","tag-nativite","tag-st-augustin","tag-st-jean-baptiste"],"_links":{"self":[{"href":"https:\/\/www.associationdemarie.org\/blog\/wp-json\/wp\/v2\/posts\/25665","targetHints":{"allow":["GET"]}}],"collection":[{"href":"https:\/\/www.associationdemarie.org\/blog\/wp-json\/wp\/v2\/posts"}],"about":[{"href":"https:\/\/www.associationdemarie.org\/blog\/wp-json\/wp\/v2\/types\/post"}],"author":[{"embeddable":true,"href":"https:\/\/www.associationdemarie.org\/blog\/wp-json\/wp\/v2\/users\/2"}],"replies":[{"embeddable":true,"href":"https:\/\/www.associationdemarie.org\/blog\/wp-json\/wp\/v2\/comments?post=25665"}],"version-history":[{"count":1,"href":"https:\/\/www.associationdemarie.org\/blog\/wp-json\/wp\/v2\/posts\/25665\/revisions"}],"predecessor-version":[{"id":25667,"href":"https:\/\/www.associationdemarie.org\/blog\/wp-json\/wp\/v2\/posts\/25665\/revisions\/25667"}],"wp:attachment":[{"href":"https:\/\/www.associationdemarie.org\/blog\/wp-json\/wp\/v2\/media?parent=25665"}],"wp:term":[{"taxonomy":"category","embeddable":true,"href":"https:\/\/www.associationdemarie.org\/blog\/wp-json\/wp\/v2\/categories?post=25665"},{"taxonomy":"post_tag","embeddable":true,"href":"https:\/\/www.associationdemarie.org\/blog\/wp-json\/wp\/v2\/tags?post=25665"}],"curies":[{"name":"wp","href":"https:\/\/api.w.org\/{rel}","templated":true}]}}