{"id":25635,"date":"2025-06-14T01:19:44","date_gmt":"2025-06-14T00:19:44","guid":{"rendered":"http:\/\/www.associationdemarie.org\/blog\/?p=25635"},"modified":"2025-05-31T08:24:44","modified_gmt":"2025-05-31T07:24:44","slug":"accorde-moi-de-toujours-parler-avec-ton-verbe","status":"publish","type":"post","link":"https:\/\/www.associationdemarie.org\/blog\/accorde-moi-de-toujours-parler-avec-ton-verbe\/","title":{"rendered":"Accorde-moi de toujours parler avec ton verbe !"},"content":{"rendered":"\n<figure class=\"wp-block-image\"><img loading=\"lazy\" decoding=\"async\" width=\"640\" height=\"384\" src=\"https:\/\/www.associationdemarie.org\/blog\/wp-content\/uploads\/2025\/05\/14-06.jpeg\" alt=\"\" class=\"wp-image-25636\" srcset=\"https:\/\/www.associationdemarie.org\/blog\/wp-content\/uploads\/2025\/05\/14-06.jpeg 640w, https:\/\/www.associationdemarie.org\/blog\/wp-content\/uploads\/2025\/05\/14-06-300x180.jpeg 300w\" sizes=\"auto, (max-width: 640px) 100vw, 640px\" \/><\/figure>\n\n\n\n<p>Jour apr\u00e8s jour, ton ordre<br> Je l\u2019entends par mon ou\u00efe corporelle,<br> De ne pas jurer du tout,<br> Ni par les choses de la terre, ni par le ciel.<\/p>\n\n\n\n<p>Quant \u00e0 moi, bouchant les oreilles de mon \u00e2me,<br> Je ne laisse pas y entrer la Parole ;<br> Mais je me conduis d\u2019une mani\u00e8re oppos\u00e9e,<br> Et je d\u00e9sob\u00e9is au Commandement. (\u2026)<\/p>\n\n\n\n<p>Mais Toi qui as donn\u00e9 comme outil de la parole<br> La pens\u00e9e et la langue, souffle \u00e9th\u00e9r\u00e9,<br> Ouvre ma bouche par ton Esprit,<br> Remplis-la de la b\u00e9n\u00e9diction spirituelle,<\/p>\n\n\n\n<p>Pour que je parle de la Loi divine,<br> De la Bonne Nouvelle du Nouveau Testament,<br> De la sagesse de la th\u00e9orie<br> Et du myst\u00e8re de la pratique.<\/p>\n\n\n\n<p>\u00c9loigne de moi la parole qui divise,<br> Le blasph\u00e8me irr\u00e9missible,<br> Et la plainte avec la calomnie,<br> Le murmure avec la d\u00e9traction.<\/p>\n\n\n\n<p>La tromperie envers le prochain,<br> Et la trahison du perfide,<br> Le serment du parjure,<br> Le mensonge qui est le propre du Mauvais ; (\u2026)<\/p>\n\n\n\n<p>La loquacit\u00e9 diabolique,<br> Et la jactance du pr\u00e9somptueux ;<br> Et en g\u00e9n\u00e9ral tous les flots de paroles<br> Qui, une fois prononc\u00e9es, sont regrett\u00e9es.<\/p>\n\n\n\n<p>Et accorde-moi le verbe, \u00f4 Toi, Verbe incarn\u00e9,<br> Pour parler toujours avec ton verbe,<br> Pour le donner comme gr\u00e2ce \u00e0 mon auditeur,<br> Pour l\u2019\u00e9dification de l\u2019\u00e2me d\u00e9molie.<\/p>\n\n\n\n<h4 class=\"wp-block-heading\">Saint Ners\u00e8s Snorhali (1102-1173)<\/h4>\n","protected":false},"excerpt":{"rendered":"<p>Jour apr\u00e8s jour, ton ordre Je l\u2019entends par mon ou\u00efe corporelle, De ne pas jurer du tout, Ni par les choses de la terre, ni par le ciel. Quant \u00e0 moi, bouchant les oreilles de mon \u00e2me, Je ne laisse pas y entrer la Parole ; Mais je me conduis d\u2019une mani\u00e8re oppos\u00e9e, Et je [&hellip;]<\/p>\n","protected":false},"author":2,"featured_media":0,"comment_status":"closed","ping_status":"closed","sticky":false,"template":"","format":"standard","meta":{"footnotes":""},"categories":[27],"tags":[747,1500],"class_list":["post-25635","post","type-post","status-publish","format-standard","hentry","category-prieres","tag-oui","tag-st-nerses-snorhali"],"_links":{"self":[{"href":"https:\/\/www.associationdemarie.org\/blog\/wp-json\/wp\/v2\/posts\/25635","targetHints":{"allow":["GET"]}}],"collection":[{"href":"https:\/\/www.associationdemarie.org\/blog\/wp-json\/wp\/v2\/posts"}],"about":[{"href":"https:\/\/www.associationdemarie.org\/blog\/wp-json\/wp\/v2\/types\/post"}],"author":[{"embeddable":true,"href":"https:\/\/www.associationdemarie.org\/blog\/wp-json\/wp\/v2\/users\/2"}],"replies":[{"embeddable":true,"href":"https:\/\/www.associationdemarie.org\/blog\/wp-json\/wp\/v2\/comments?post=25635"}],"version-history":[{"count":1,"href":"https:\/\/www.associationdemarie.org\/blog\/wp-json\/wp\/v2\/posts\/25635\/revisions"}],"predecessor-version":[{"id":25637,"href":"https:\/\/www.associationdemarie.org\/blog\/wp-json\/wp\/v2\/posts\/25635\/revisions\/25637"}],"wp:attachment":[{"href":"https:\/\/www.associationdemarie.org\/blog\/wp-json\/wp\/v2\/media?parent=25635"}],"wp:term":[{"taxonomy":"category","embeddable":true,"href":"https:\/\/www.associationdemarie.org\/blog\/wp-json\/wp\/v2\/categories?post=25635"},{"taxonomy":"post_tag","embeddable":true,"href":"https:\/\/www.associationdemarie.org\/blog\/wp-json\/wp\/v2\/tags?post=25635"}],"curies":[{"name":"wp","href":"https:\/\/api.w.org\/{rel}","templated":true}]}}