{"id":25623,"date":"2025-06-10T01:19:12","date_gmt":"2025-06-10T00:19:12","guid":{"rendered":"http:\/\/www.associationdemarie.org\/blog\/?p=25623"},"modified":"2025-05-27T06:22:04","modified_gmt":"2025-05-27T05:22:04","slug":"que-brille-la-lumiere-de-votre-charite","status":"publish","type":"post","link":"https:\/\/www.associationdemarie.org\/blog\/que-brille-la-lumiere-de-votre-charite\/","title":{"rendered":"Que brille la lumi\u00e8re de votre charit\u00e9 !"},"content":{"rendered":"\n<figure class=\"wp-block-image\"><img loading=\"lazy\" decoding=\"async\" width=\"940\" height=\"788\" src=\"https:\/\/www.associationdemarie.org\/blog\/wp-content\/uploads\/2025\/05\/10-06.png\" alt=\"\" class=\"wp-image-25624\" srcset=\"https:\/\/www.associationdemarie.org\/blog\/wp-content\/uploads\/2025\/05\/10-06.png 940w, https:\/\/www.associationdemarie.org\/blog\/wp-content\/uploads\/2025\/05\/10-06-300x251.png 300w, https:\/\/www.associationdemarie.org\/blog\/wp-content\/uploads\/2025\/05\/10-06-768x644.png 768w\" sizes=\"auto, (max-width: 940px) 100vw, 940px\" \/><\/figure>\n\n\n\n<p>\u00ab Que votre lumi\u00e8re brille devant les hommes pour que, voyant vos bonnes \u0153uvres, ils en rendent gloire \u00e0 votre P\u00e8re qui est dans les cieux \u00bb (Mt 5,16). Qui ne reconna\u00eetrait la pr\u00e9sence de Dieu l\u00e0 o\u00f9 appara\u00eet une authentique vertu ? Car celle-ci, en v\u00e9rit\u00e9, n\u2019existe pas sans Dieu, et elle ne peut obtenir ce qui appartient \u00e0 Dieu sans \u00eatre fortifi\u00e9e par l\u2019Esprit cr\u00e9ateur.<\/p>\n\n\n\n<p>Le Seigneur a dit \u00e0 ses disciples : \u00ab Sans moi vous ne pouvez rien faire \u00bb (Jn 15,5) ; ce qui veut dire que l\u2019homme qui fait le bien tient de Dieu la r\u00e9alisation de son \u0153uvre et le commencement de son vouloir. C\u2019est pourquoi l\u2019Ap\u00f4tre exhorte inlassablement les croyants par ces mots : \u00ab Travaillez \u00e0 votre salut avec crainte et tremblement ; car c\u2019est Dieu qui produit en vous la volont\u00e9 et l\u2019action \u00bb (Ph 2,12-13). Voil\u00e0 de quoi inspirer aux chr\u00e9tiens la crainte que, dans l\u2019exaltation de leurs bonnes \u0153uvres m\u00eames, ils se retrouvent priv\u00e9s du secours de la gr\u00e2ce et abandonn\u00e9s \u00e0 leur faiblesse naturelle. (\u2026)<\/p>\n\n\n\n<p>Ceux \u00e0 qui il est dit : \u00ab Le Royaume de Dieu est au-dedans de vous \u00bb (Lc 17,21), ne font rien que par l\u2019Esprit de celui dont la volont\u00e9 les conduit. Sachant donc, mes fr\u00e8res, que \u00ab Dieu est charit\u00e9 \u00bb (1 Jn 4,16), lui \u00ab qui op\u00e8re tout en tous \u00bb (1 Co 12,6), recherchez la charit\u00e9 afin que les c\u0153urs de tous les croyants s\u2019unissent dans un m\u00eame sentiment de pur amour.<\/p>\n\n\n\n<h4 class=\"wp-block-heading\">Saint L\u00e9on le Grand (?-v. 461)<\/h4>\n","protected":false},"excerpt":{"rendered":"<p>\u00ab Que votre lumi\u00e8re brille devant les hommes pour que, voyant vos bonnes \u0153uvres, ils en rendent gloire \u00e0 votre P\u00e8re qui est dans les cieux \u00bb (Mt 5,16). Qui ne reconna\u00eetrait la pr\u00e9sence de Dieu l\u00e0 o\u00f9 appara\u00eet une authentique vertu ? Car celle-ci, en v\u00e9rit\u00e9, n\u2019existe pas sans Dieu, et elle ne peut [&hellip;]<\/p>\n","protected":false},"author":2,"featured_media":0,"comment_status":"closed","ping_status":"closed","sticky":false,"template":"","format":"standard","meta":{"footnotes":""},"categories":[13,1261],"tags":[600,1053],"class_list":["post-25623","post","type-post","status-publish","format-standard","hentry","category-ecritures","category-enseignement-2","tag-lumiere","tag-st-leon-le-grand"],"_links":{"self":[{"href":"https:\/\/www.associationdemarie.org\/blog\/wp-json\/wp\/v2\/posts\/25623","targetHints":{"allow":["GET"]}}],"collection":[{"href":"https:\/\/www.associationdemarie.org\/blog\/wp-json\/wp\/v2\/posts"}],"about":[{"href":"https:\/\/www.associationdemarie.org\/blog\/wp-json\/wp\/v2\/types\/post"}],"author":[{"embeddable":true,"href":"https:\/\/www.associationdemarie.org\/blog\/wp-json\/wp\/v2\/users\/2"}],"replies":[{"embeddable":true,"href":"https:\/\/www.associationdemarie.org\/blog\/wp-json\/wp\/v2\/comments?post=25623"}],"version-history":[{"count":1,"href":"https:\/\/www.associationdemarie.org\/blog\/wp-json\/wp\/v2\/posts\/25623\/revisions"}],"predecessor-version":[{"id":25625,"href":"https:\/\/www.associationdemarie.org\/blog\/wp-json\/wp\/v2\/posts\/25623\/revisions\/25625"}],"wp:attachment":[{"href":"https:\/\/www.associationdemarie.org\/blog\/wp-json\/wp\/v2\/media?parent=25623"}],"wp:term":[{"taxonomy":"category","embeddable":true,"href":"https:\/\/www.associationdemarie.org\/blog\/wp-json\/wp\/v2\/categories?post=25623"},{"taxonomy":"post_tag","embeddable":true,"href":"https:\/\/www.associationdemarie.org\/blog\/wp-json\/wp\/v2\/tags?post=25623"}],"curies":[{"name":"wp","href":"https:\/\/api.w.org\/{rel}","templated":true}]}}