{"id":25620,"date":"2025-06-09T01:53:44","date_gmt":"2025-06-09T00:53:44","guid":{"rendered":"http:\/\/www.associationdemarie.org\/blog\/?p=25620"},"modified":"2025-05-26T06:58:10","modified_gmt":"2025-05-26T05:58:10","slug":"bienheureuse-vierge-marie-mere-de-leglise","status":"publish","type":"post","link":"https:\/\/www.associationdemarie.org\/blog\/bienheureuse-vierge-marie-mere-de-leglise\/","title":{"rendered":"Bienheureuse Vierge Marie, M\u00e8re de l\u2019\u00c9glise"},"content":{"rendered":"\n<figure class=\"wp-block-image\"><img loading=\"lazy\" decoding=\"async\" width=\"750\" height=\"422\" src=\"https:\/\/www.associationdemarie.org\/blog\/wp-content\/uploads\/2025\/05\/9-06.png\" alt=\"\" class=\"wp-image-25621\" srcset=\"https:\/\/www.associationdemarie.org\/blog\/wp-content\/uploads\/2025\/05\/9-06.png 750w, https:\/\/www.associationdemarie.org\/blog\/wp-content\/uploads\/2025\/05\/9-06-300x169.png 300w\" sizes=\"auto, (max-width: 750px) 100vw, 750px\" \/><\/figure>\n\n\n\n<p>Oh ! je voudrais chanter, Marie, pourquoi je t&rsquo;aime<br> Pourquoi ton nom si doux fait tressaillir mon c\u0153ur<br> Et pourquoi la pens\u00e9e de ta grandeur supr\u00eame<br> Ne saurait \u00e0 mon \u00e2me inspirer de frayeur.<br> Si je te contemplais dans ta sublime gloire<br> Et surpassant l&rsquo;\u00e9clat de tous les bienheureux<br> Que je suis ton enfant je ne pourrais le croire<br> \u00d4 Marie, devant toi, je baisserais les yeux !\u2026<\/p>\n\n\n\n<p>Il faut pour qu&rsquo;un enfant puisse ch\u00e9rir sa m\u00e8re<br> Qu&rsquo;elle pleure avec lui, partage ses douleurs<br> \u00d4 ma M\u00e8re ch\u00e9rie, sur la rive \u00e9trang\u00e8re<br> Pour m&rsquo;attirer \u00e0 toi, que tu versas de pleurs !\u2026.<br> En m\u00e9ditant ta vie dans le saint Evangile<br> J&rsquo;ose te regarder et m&rsquo;approcher de toi<br> Me croire ton enfant ne m&rsquo;est pas difficile<br> Car je te vois mortelle et souffrant comme moi\u2026 (\u2026)<\/p>\n\n\n\n<p>\u00d4 Vierge Immacul\u00e9e, des m\u00e8res la plus tendre<br> En \u00e9coutant J\u00e9sus, tu ne t&rsquo;attristes pas<br> Mais tu te r\u00e9jouis qu&rsquo;Il nous fasse comprendre<br> Que notre \u00e2me devient sa famille ici-bas<br> Oui tu te r\u00e9jouis qu&rsquo;Il nous donne sa vie,<br> Les tr\u00e9sors infinis de sa divinit\u00e9 !\u2026<br> Comment ne pas t&rsquo;aimer, \u00f4 ma M\u00e8re ch\u00e9rie<br> En voyant tant d&rsquo;amour et tant d&rsquo;humilit\u00e9 ?<\/p>\n\n\n\n<p>Tu nous aimes, Marie, comme J\u00e9sus nous aime<br> Et tu consens pour nous \u00e0 t&rsquo;\u00e9loigner de Lui.<br> Aimer c&rsquo;est tout donner et se donner soi-m\u00eame<br> Tu voulus le prouver en restant notre appui.<br> Le Sauveur connaissait ton immense tendresse<br> Il savait les secrets de ton c\u0153ur maternel,<br> Refuge des p\u00e9cheurs, c&rsquo;est \u00e0 toi qu&rsquo;Il nous laisse<br> Quand Il quitte la Croix pour nous attendre au Ciel. (\u2026)<\/p>\n\n\n\n<p>La maison de Saint Jean devient ton seul asile<br> Le fils de Z\u00e9b\u00e9d\u00e9e doit remplacer J\u00e9sus\u2026<br> C&rsquo;est le dernier d\u00e9tail que donne l&rsquo;Evangile<br> De la Reine des Cieux il ne me parle plus.<br> Mais son profond silence, \u00f4 ma M\u00e8re ch\u00e9rie<br> Ne r\u00e9v\u00e8le-t-il pas que Le Verbe Eternel<br> Veut Lui-m\u00eame chanter les secrets de ta vie<br> Pour charmer tes enfants, tous les Elus du Ciel ?<\/p>\n\n\n\n<h4 class=\"wp-block-heading\">Sainte Th\u00e9r\u00e8se de l&rsquo;Enfant J\u00e9sus (1873-1897)<\/h4>\n","protected":false},"excerpt":{"rendered":"<p>Oh ! je voudrais chanter, Marie, pourquoi je t&rsquo;aime Pourquoi ton nom si doux fait tressaillir mon c\u0153ur Et pourquoi la pens\u00e9e de ta grandeur supr\u00eame Ne saurait \u00e0 mon \u00e2me inspirer de frayeur. Si je te contemplais dans ta sublime gloire Et surpassant l&rsquo;\u00e9clat de tous les bienheureux Que je suis ton enfant je [&hellip;]<\/p>\n","protected":false},"author":2,"featured_media":0,"comment_status":"closed","ping_status":"closed","sticky":false,"template":"","format":"standard","meta":{"footnotes":""},"categories":[3,28],"tags":[336,1189],"class_list":["post-25620","post","type-post","status-publish","format-standard","hentry","category-liturgique","category-saints-et-saintes","tag-eglise","tag-vierge-marie"],"_links":{"self":[{"href":"https:\/\/www.associationdemarie.org\/blog\/wp-json\/wp\/v2\/posts\/25620","targetHints":{"allow":["GET"]}}],"collection":[{"href":"https:\/\/www.associationdemarie.org\/blog\/wp-json\/wp\/v2\/posts"}],"about":[{"href":"https:\/\/www.associationdemarie.org\/blog\/wp-json\/wp\/v2\/types\/post"}],"author":[{"embeddable":true,"href":"https:\/\/www.associationdemarie.org\/blog\/wp-json\/wp\/v2\/users\/2"}],"replies":[{"embeddable":true,"href":"https:\/\/www.associationdemarie.org\/blog\/wp-json\/wp\/v2\/comments?post=25620"}],"version-history":[{"count":1,"href":"https:\/\/www.associationdemarie.org\/blog\/wp-json\/wp\/v2\/posts\/25620\/revisions"}],"predecessor-version":[{"id":25622,"href":"https:\/\/www.associationdemarie.org\/blog\/wp-json\/wp\/v2\/posts\/25620\/revisions\/25622"}],"wp:attachment":[{"href":"https:\/\/www.associationdemarie.org\/blog\/wp-json\/wp\/v2\/media?parent=25620"}],"wp:term":[{"taxonomy":"category","embeddable":true,"href":"https:\/\/www.associationdemarie.org\/blog\/wp-json\/wp\/v2\/categories?post=25620"},{"taxonomy":"post_tag","embeddable":true,"href":"https:\/\/www.associationdemarie.org\/blog\/wp-json\/wp\/v2\/tags?post=25620"}],"curies":[{"name":"wp","href":"https:\/\/api.w.org\/{rel}","templated":true}]}}