{"id":2562,"date":"2011-03-10T01:27:28","date_gmt":"2011-03-10T01:27:28","guid":{"rendered":"http:\/\/preprod.meltem-int.com\/marie\/blog\/?p=2562"},"modified":"2011-03-10T01:27:28","modified_gmt":"2011-03-10T01:27:28","slug":"jeune","status":"publish","type":"post","link":"https:\/\/www.associationdemarie.org\/blog\/jeune\/","title":{"rendered":"Je\u00fbne"},"content":{"rendered":"<p><a href=\"https:\/\/www.associationdemarie.org\/blog\/wp-content\/uploads\/2011\/02\/2629580158_1.jpg\"><img loading=\"lazy\" decoding=\"async\" class=\"alignright size-medium wp-image-2563\" title=\"je\u00fbne\" src=\"https:\/\/www.associationdemarie.org\/blog\/wp-content\/uploads\/2011\/02\/2629580158_1-223x300.jpg\" alt=\"\" width=\"178\" height=\"240\" srcset=\"https:\/\/www.associationdemarie.org\/blog\/wp-content\/uploads\/2011\/02\/2629580158_1-223x300.jpg 223w, https:\/\/www.associationdemarie.org\/blog\/wp-content\/uploads\/2011\/02\/2629580158_1.jpg 375w\" sizes=\"auto, (max-width: 178px) 100vw, 178px\" \/><\/a>Le je\u00fbne a pour but de donner soif et faim de Dieu et de sa parole. Il n&rsquo;est pas seulement un geste de p\u00e9nitence, mais aussi un geste de solidarit\u00e9 avec les pauvres et une invitation au partage et \u00e0 l&rsquo;aum\u00f4ne.<\/p>\n<p>\u00ab\u00a0L&rsquo;abstinence de viande ou d&rsquo;une autre nourriture, selon les dispositions de la conf\u00e9rence des Ev\u00eaques, sera observ\u00e9e chaque Vendredi de l&rsquo;ann\u00e9e, \u00e0 moins qu&rsquo;il ne tombe l&rsquo;un des jours marqu\u00e9s comme solennit\u00e9 ; mais l&rsquo;abstinence et le je\u00fbne seront observ\u00e9s le Mercredi des Cendres et le vendredi de la Passion et de la Mort et de notre Seigneur J\u00e9sus Christ.\u00a0\u00bb Can.1251, code de droit canonique.<\/p>\n<p>Sont dispens\u00e9s du je\u00fbne, les personnes de plus de 60 ans, les jeunes de moins de 18 ans accomplis et les femmes enceintes.<\/p>\n<p><strong>\u00ab\u00a0Mes enfants, j\u2019ai besoin de vos pri\u00e8res pour soulager la souffrance humaine et pour secourir les \u00e2mes en perdition. Que ce temps de car\u00eame soit un temps d\u2019offrande au travers de mon Fils, offrez votre travail, votre amour, votre je\u00fbne, votre pri\u00e8re quotidienne \u00e0 la r\u00e9surrection de la foi.\u00a0\u00bb<\/strong><\/p>\n<p>Marie M\u00e8re des hommes &#8211; mars 1996<\/p>\n<p><span style=\"color: #ffffff;\">.<\/span><\/p>\n","protected":false},"excerpt":{"rendered":"<p>Le je\u00fbne a pour but de donner soif et faim de Dieu et de sa parole. Il n&rsquo;est pas seulement un geste de p\u00e9nitence, mais aussi un geste de solidarit\u00e9 avec les pauvres et une invitation au partage et \u00e0 l&rsquo;aum\u00f4ne. \u00ab\u00a0L&rsquo;abstinence de viande ou d&rsquo;une autre nourriture, selon les dispositions de la conf\u00e9rence des [&hellip;]<\/p>\n","protected":false},"author":2,"featured_media":0,"comment_status":"closed","ping_status":"closed","sticky":false,"template":"","format":"standard","meta":{"footnotes":""},"categories":[3,9,19,26],"tags":[34,184,295,536,540,640,1177],"class_list":["post-2562","post","type-post","status-publish","format-standard","hentry","category-liturgique","category-careme-2011","category-messages","category-priere-des-ames","tag-abstinence","tag-careme","tag-dieu","tag-jesus-christ","tag-jeune","tag-marie-mere-des-hommes","tag-vendredi-saint"],"_links":{"self":[{"href":"https:\/\/www.associationdemarie.org\/blog\/wp-json\/wp\/v2\/posts\/2562","targetHints":{"allow":["GET"]}}],"collection":[{"href":"https:\/\/www.associationdemarie.org\/blog\/wp-json\/wp\/v2\/posts"}],"about":[{"href":"https:\/\/www.associationdemarie.org\/blog\/wp-json\/wp\/v2\/types\/post"}],"author":[{"embeddable":true,"href":"https:\/\/www.associationdemarie.org\/blog\/wp-json\/wp\/v2\/users\/2"}],"replies":[{"embeddable":true,"href":"https:\/\/www.associationdemarie.org\/blog\/wp-json\/wp\/v2\/comments?post=2562"}],"version-history":[{"count":0,"href":"https:\/\/www.associationdemarie.org\/blog\/wp-json\/wp\/v2\/posts\/2562\/revisions"}],"wp:attachment":[{"href":"https:\/\/www.associationdemarie.org\/blog\/wp-json\/wp\/v2\/media?parent=2562"}],"wp:term":[{"taxonomy":"category","embeddable":true,"href":"https:\/\/www.associationdemarie.org\/blog\/wp-json\/wp\/v2\/categories?post=2562"},{"taxonomy":"post_tag","embeddable":true,"href":"https:\/\/www.associationdemarie.org\/blog\/wp-json\/wp\/v2\/tags?post=2562"}],"curies":[{"name":"wp","href":"https:\/\/api.w.org\/{rel}","templated":true}]}}