{"id":25617,"date":"2025-06-08T01:11:47","date_gmt":"2025-06-08T00:11:47","guid":{"rendered":"http:\/\/www.associationdemarie.org\/blog\/?p=25617"},"modified":"2025-05-25T08:14:55","modified_gmt":"2025-05-25T07:14:55","slug":"o-seigneur-envoie-ton-esprit","status":"publish","type":"post","link":"https:\/\/www.associationdemarie.org\/blog\/o-seigneur-envoie-ton-esprit\/","title":{"rendered":"\u00d4 Seigneur, envoie ton Esprit !"},"content":{"rendered":"\n<figure class=\"wp-block-image\"><img loading=\"lazy\" decoding=\"async\" width=\"500\" height=\"300\" src=\"https:\/\/www.associationdemarie.org\/blog\/wp-content\/uploads\/2025\/05\/8-06.jpg\" alt=\"\" class=\"wp-image-25618\" srcset=\"https:\/\/www.associationdemarie.org\/blog\/wp-content\/uploads\/2025\/05\/8-06.jpg 500w, https:\/\/www.associationdemarie.org\/blog\/wp-content\/uploads\/2025\/05\/8-06-300x180.jpg 300w\" sizes=\"auto, (max-width: 500px) 100vw, 500px\" \/><\/figure>\n\n\n\n<p>Le Seigneur dit dans l\u2019\u00e9vangile de ce jour : \u00ab Le Paraclet, l\u2019Esprit Saint, que le P\u00e8re enverra en mon nom, lui, vous enseignera tout et vous rappellera tout ce que je vous ai dit \u00bb (Jn 14,26). Le P\u00e8re a envoy\u00e9 le Paraclet au nom du Fils, pour la gloire du Fils, pour manifester la gloire du Fils.<\/p>\n\n\n\n<p>\u00ab Lui, dit-il, vous enseignera \u00bb, pour que vous sachiez ; il \u00ab vous rappellera \u00bb (Jn 14,26), vous exhortera pour que vous vouliez. La gr\u00e2ce de l\u2019Esprit donne le savoir et le vouloir. C\u2019est pourquoi, nous chantons dans la messe de ce jour : \u00ab Viens, Esprit Saint, p\u00e9n\u00e8tre le c\u0153ur de tes fid\u00e8les ! \u00bb, pour qu\u2019ils aient la science, \u00ab qu\u2019ils soient br\u00fbl\u00e9s au feu de ton amour ! \u00bb, pour qu\u2019ils aient la volont\u00e9 de traduire en pratique ce qu\u2019ils savent. De m\u00eame que l\u2019on chante : \u00ab \u00d4 Seigneur, envoie ton Esprit qui renouvelle la face de la terre ! \u00bb Nous trouvons cette pens\u00e9e dans cette Lamentation de J\u00e9r\u00e9mie : \u00ab D\u2019en haut il envoie un feu qu\u2019il a fait descendre dans mes os pour m\u2019instruire \u00bb (cf. Lm 1,13). Le P\u00e8re d\u2019en haut, du Fils, envoie aujourd\u2019hui un feu, l\u2019Esprit Saint, dans mes os, dans les ap\u00f4tres, commente l\u2019\u00c9glise, et par eux il m\u2019instruit pour que je sache et je veuille. (\u2026)<\/p>\n\n\n\n<p>L\u2019Esprit Saint donne le savoir et le vouloir : pr\u00e9sentons-lui le pouvoir qui est dans nos possibilit\u00e9s et nous deviendrons le temple du Saint-Esprit. Prions le Fils de l\u2019envoyer sur nous, lui qui est b\u00e9ni dans les si\u00e8cles, Amen ! (\u2026) Prions-le avec ferveur ; demandons-lui de nous envoyer le Paraclet qui nous le fera conna\u00eetre et aimer afin de m\u00e9riter de parvenir jusqu\u2019\u00e0 Lui.<\/p>\n\n\n\n<h4 class=\"wp-block-heading\">Saint Antoine de Padoue (v. 1195-1231)<\/h4>\n","protected":false},"excerpt":{"rendered":"<p>Le Seigneur dit dans l\u2019\u00e9vangile de ce jour : \u00ab Le Paraclet, l\u2019Esprit Saint, que le P\u00e8re enverra en mon nom, lui, vous enseignera tout et vous rappellera tout ce que je vous ai dit \u00bb (Jn 14,26). Le P\u00e8re a envoy\u00e9 le Paraclet au nom du Fils, pour la gloire du Fils, pour manifester [&hellip;]<\/p>\n","protected":false},"author":2,"featured_media":0,"comment_status":"closed","ping_status":"closed","sticky":false,"template":"","format":"standard","meta":{"footnotes":""},"categories":[3],"tags":[378,791,1010],"class_list":["post-25617","post","type-post","status-publish","format-standard","hentry","category-liturgique","tag-esprit-saint","tag-pentecote","tag-st-antoine-de-padoue"],"_links":{"self":[{"href":"https:\/\/www.associationdemarie.org\/blog\/wp-json\/wp\/v2\/posts\/25617","targetHints":{"allow":["GET"]}}],"collection":[{"href":"https:\/\/www.associationdemarie.org\/blog\/wp-json\/wp\/v2\/posts"}],"about":[{"href":"https:\/\/www.associationdemarie.org\/blog\/wp-json\/wp\/v2\/types\/post"}],"author":[{"embeddable":true,"href":"https:\/\/www.associationdemarie.org\/blog\/wp-json\/wp\/v2\/users\/2"}],"replies":[{"embeddable":true,"href":"https:\/\/www.associationdemarie.org\/blog\/wp-json\/wp\/v2\/comments?post=25617"}],"version-history":[{"count":1,"href":"https:\/\/www.associationdemarie.org\/blog\/wp-json\/wp\/v2\/posts\/25617\/revisions"}],"predecessor-version":[{"id":25619,"href":"https:\/\/www.associationdemarie.org\/blog\/wp-json\/wp\/v2\/posts\/25617\/revisions\/25619"}],"wp:attachment":[{"href":"https:\/\/www.associationdemarie.org\/blog\/wp-json\/wp\/v2\/media?parent=25617"}],"wp:term":[{"taxonomy":"category","embeddable":true,"href":"https:\/\/www.associationdemarie.org\/blog\/wp-json\/wp\/v2\/categories?post=25617"},{"taxonomy":"post_tag","embeddable":true,"href":"https:\/\/www.associationdemarie.org\/blog\/wp-json\/wp\/v2\/tags?post=25617"}],"curies":[{"name":"wp","href":"https:\/\/api.w.org\/{rel}","templated":true}]}}