{"id":25595,"date":"2025-06-02T01:08:13","date_gmt":"2025-06-02T00:08:13","guid":{"rendered":"http:\/\/www.associationdemarie.org\/blog\/?p=25595"},"modified":"2025-05-19T07:11:11","modified_gmt":"2025-05-19T06:11:11","slug":"ton-ame-est-une-pierre-vivante-de-leglise","status":"publish","type":"post","link":"https:\/\/www.associationdemarie.org\/blog\/ton-ame-est-une-pierre-vivante-de-leglise\/","title":{"rendered":"Ton \u00e2me est une pierre vivante de l&rsquo;\u00c9glise"},"content":{"rendered":"\n<div class=\"wp-block-image\"><figure class=\"aligncenter is-resized\"><img loading=\"lazy\" decoding=\"async\" src=\"https:\/\/www.associationdemarie.org\/blog\/wp-content\/uploads\/2025\/05\/Unknown.jpeg\" alt=\"\" class=\"wp-image-25596\" width=\"333\" height=\"333\" srcset=\"https:\/\/www.associationdemarie.org\/blog\/wp-content\/uploads\/2025\/05\/Unknown.jpeg 225w, https:\/\/www.associationdemarie.org\/blog\/wp-content\/uploads\/2025\/05\/Unknown-150x150.jpeg 150w\" sizes=\"auto, (max-width: 333px) 100vw, 333px\" \/><\/figure><\/div>\n\n\n\n<p> Il ne faut pas perdre l&rsquo;\u00e9lan int\u00e9rieur de la confiance et de la foi dans un monde qui apostasie. D&rsquo;une certaine mani\u00e8re, cela doit donner encore plus de valeur \u00e0 l&rsquo;\u00e9lan de foi que chacun de nous peut faire.             <\/p>\n\n\n\n<p>Il n&rsquo;y a qu&rsquo;une chose qui d\u00e9pende de vous\u00a0: c&rsquo;est votre attitude int\u00e9rieure. Si vous tenez votre \u00e2me dans la lumi\u00e8re de Dieu, vous \u00eates une pierre vivante de l&rsquo;\u00c9glise. La transformation de l&rsquo;\u00c9glise que vous pouvez faire, elle est dans votre c\u0153ur. Si chacun de nous est une petite pierre de lumi\u00e8re dans le monde actuel, la cit\u00e9 de J\u00e9rusalem se construit d\u00e9j\u00e0 \u00e0 l&rsquo;int\u00e9rieur de votre c\u0153ur. Du petit milieu imm\u00e9diat dans lequel vous pouvez avoir une influence, il y a un rayon qui part. Alors vous restez l\u00e0, non sans souffrance \u2013 c&rsquo;est impossible quand on aime Dieu de ne pas souffrir en voyant l&rsquo;\u00e9tat actuel du monde \u2013, mais dans la paix, une paix profonde, une paix qui est une adoration, et une r\u00e9ponse faite \u00e0 Dieu aux n\u00e9gations que lui oppose le monde.             <\/p>\n\n\n\n<p>Vous lui avez dit \u00ab\u00a0oui\u00a0\u00bb dans votre c\u0153ur\u00a0; ce \u00ab\u00a0oui\u00a0\u00bb vous a peut-\u00eatre co\u00fbt\u00e9 beaucoup d&rsquo;arrachements, de d\u00e9chirements; vous avez essay\u00e9 d&rsquo;\u00eatre fid\u00e8le, non pas sans mis\u00e8res, mais ce \u00ab\u00a0oui\u00a0\u00bb que vous avez dit, que vous n&rsquo;avez pas reni\u00e9, il est tr\u00e8s grand. Et les anges dans le ciel, qui voient le monde tel qu&rsquo;il est, ne voient pas seulement ce que dit la grande presse et les moyens de communication qui s&rsquo;agenouillent devant le monde\u00a0; ils voient quelque chose de plus myst\u00e9rieux, de plus profond. Il faut garder la paix.<\/p>\n\n\n\n<h4 class=\"wp-block-heading\">Cardinal Charles Journet (1891-1975)<\/h4>\n","protected":false},"excerpt":{"rendered":"<p>Il ne faut pas perdre l&rsquo;\u00e9lan int\u00e9rieur de la confiance et de la foi dans un monde qui apostasie. D&rsquo;une certaine mani\u00e8re, cela doit donner encore plus de valeur \u00e0 l&rsquo;\u00e9lan de foi que chacun de nous peut faire. Il n&rsquo;y a qu&rsquo;une chose qui d\u00e9pende de vous\u00a0: c&rsquo;est votre attitude int\u00e9rieure. Si vous tenez [&hellip;]<\/p>\n","protected":false},"author":2,"featured_media":0,"comment_status":"closed","ping_status":"closed","sticky":false,"template":"","format":"standard","meta":{"footnotes":""},"categories":[1261],"tags":[1529,339,1221],"class_list":["post-25595","post","type-post","status-publish","format-standard","hentry","category-enseignement-2","tag-cardinal-charles-journet","tag-eglises","tag-pierres-vivantes"],"_links":{"self":[{"href":"https:\/\/www.associationdemarie.org\/blog\/wp-json\/wp\/v2\/posts\/25595","targetHints":{"allow":["GET"]}}],"collection":[{"href":"https:\/\/www.associationdemarie.org\/blog\/wp-json\/wp\/v2\/posts"}],"about":[{"href":"https:\/\/www.associationdemarie.org\/blog\/wp-json\/wp\/v2\/types\/post"}],"author":[{"embeddable":true,"href":"https:\/\/www.associationdemarie.org\/blog\/wp-json\/wp\/v2\/users\/2"}],"replies":[{"embeddable":true,"href":"https:\/\/www.associationdemarie.org\/blog\/wp-json\/wp\/v2\/comments?post=25595"}],"version-history":[{"count":1,"href":"https:\/\/www.associationdemarie.org\/blog\/wp-json\/wp\/v2\/posts\/25595\/revisions"}],"predecessor-version":[{"id":25597,"href":"https:\/\/www.associationdemarie.org\/blog\/wp-json\/wp\/v2\/posts\/25595\/revisions\/25597"}],"wp:attachment":[{"href":"https:\/\/www.associationdemarie.org\/blog\/wp-json\/wp\/v2\/media?parent=25595"}],"wp:term":[{"taxonomy":"category","embeddable":true,"href":"https:\/\/www.associationdemarie.org\/blog\/wp-json\/wp\/v2\/categories?post=25595"},{"taxonomy":"post_tag","embeddable":true,"href":"https:\/\/www.associationdemarie.org\/blog\/wp-json\/wp\/v2\/tags?post=25595"}],"curies":[{"name":"wp","href":"https:\/\/api.w.org\/{rel}","templated":true}]}}