{"id":25569,"date":"2025-05-27T01:09:33","date_gmt":"2025-05-27T00:09:33","guid":{"rendered":"http:\/\/www.associationdemarie.org\/blog\/?p=25569"},"modified":"2025-05-13T07:13:06","modified_gmt":"2025-05-13T06:13:06","slug":"quand-jesus-reviendra","status":"publish","type":"post","link":"https:\/\/www.associationdemarie.org\/blog\/quand-jesus-reviendra\/","title":{"rendered":"Quand J\u00e9sus reviendra&#8230;"},"content":{"rendered":"\n<figure class=\"wp-block-image\"><img loading=\"lazy\" decoding=\"async\" width=\"1000\" height=\"1000\" src=\"https:\/\/www.associationdemarie.org\/blog\/wp-content\/uploads\/2025\/05\/5035494_5035494_none_base_6412a026.png\" alt=\"\" class=\"wp-image-25570\" srcset=\"https:\/\/www.associationdemarie.org\/blog\/wp-content\/uploads\/2025\/05\/5035494_5035494_none_base_6412a026.png 1000w, https:\/\/www.associationdemarie.org\/blog\/wp-content\/uploads\/2025\/05\/5035494_5035494_none_base_6412a026-150x150.png 150w, https:\/\/www.associationdemarie.org\/blog\/wp-content\/uploads\/2025\/05\/5035494_5035494_none_base_6412a026-300x300.png 300w, https:\/\/www.associationdemarie.org\/blog\/wp-content\/uploads\/2025\/05\/5035494_5035494_none_base_6412a026-768x768.png 768w\" sizes=\"auto, (max-width: 1000px) 100vw, 1000px\" \/><\/figure>\n\n\n\n<p>J\u00e9sus ne r\u00e9v\u00e8le pas pleinement l\u2019Esprit Saint tant que lui-m\u00eame n\u2019a pas \u00e9t\u00e9 glorifi\u00e9 par sa Mort et sa R\u00e9surrection. Pourtant, Il le sugg\u00e8re peu \u00e0 peu (\u2026 ). \u00c0 ses disciples, Il en parle ouvertement \u00e0 propos de la pri\u00e8re (cf. Lc 11, 13) et du t\u00e9moignage qu\u2019ils auront \u00e0 rendre (cf. Mt 10, 19-20).       <\/p>\n\n\n\n<p>C\u2019est seulement quand l\u2019Heure est venue o\u00f9 Il va \u00eatre glorifi\u00e9 que J\u00e9sus promet la venue de l\u2019Esprit Saint, puisque sa Mort et sa R\u00e9surrection seront l\u2019accomplissement de la promesse faite aux P\u00e8res\u00a0: l\u2019Esprit de V\u00e9rit\u00e9, l\u2019autre Paraclet, sera donn\u00e9 par le P\u00e8re \u00e0 la pri\u00e8re de J\u00e9sus\u00a0; Il sera envoy\u00e9 par le P\u00e8re au nom de J\u00e9sus\u00a0; J\u00e9sus l\u2019enverra d\u2019aupr\u00e8s du P\u00e8re car Il est issu du P\u00e8re. L\u2019Esprit Saint viendra, nous le conna\u00eetrons, Il sera avec nous \u00e0 jamais, Il demeurera avec nous\u00a0; Il nous enseignera tout et nous rappellera tout ce que le Christ nous a dit et Lui rendra t\u00e9moignage\u00a0; Il nous conduira vers la v\u00e9rit\u00e9 tout enti\u00e8re et glorifiera le Christ. Quant au monde, Il le confondra en mati\u00e8re de p\u00e9ch\u00e9, de justice et de jugement.<\/p>\n\n\n\n<h4 class=\"wp-block-heading\">Cat\u00e9chisme de l&rsquo;\u00c9glise catholique<\/h4>\n","protected":false},"excerpt":{"rendered":"<p>J\u00e9sus ne r\u00e9v\u00e8le pas pleinement l\u2019Esprit Saint tant que lui-m\u00eame n\u2019a pas \u00e9t\u00e9 glorifi\u00e9 par sa Mort et sa R\u00e9surrection. Pourtant, Il le sugg\u00e8re peu \u00e0 peu (\u2026 ). \u00c0 ses disciples, Il en parle ouvertement \u00e0 propos de la pri\u00e8re (cf. Lc 11, 13) et du t\u00e9moignage qu\u2019ils auront \u00e0 rendre (cf. Mt 10, [&hellip;]<\/p>\n","protected":false},"author":2,"featured_media":0,"comment_status":"closed","ping_status":"closed","sticky":false,"template":"","format":"standard","meta":{"footnotes":""},"categories":[13,1261],"tags":[188,336,378,775],"class_list":["post-25569","post","type-post","status-publish","format-standard","hentry","category-ecritures","category-enseignement-2","tag-catechisme","tag-eglise","tag-esprit-saint","tag-parousie"],"_links":{"self":[{"href":"https:\/\/www.associationdemarie.org\/blog\/wp-json\/wp\/v2\/posts\/25569","targetHints":{"allow":["GET"]}}],"collection":[{"href":"https:\/\/www.associationdemarie.org\/blog\/wp-json\/wp\/v2\/posts"}],"about":[{"href":"https:\/\/www.associationdemarie.org\/blog\/wp-json\/wp\/v2\/types\/post"}],"author":[{"embeddable":true,"href":"https:\/\/www.associationdemarie.org\/blog\/wp-json\/wp\/v2\/users\/2"}],"replies":[{"embeddable":true,"href":"https:\/\/www.associationdemarie.org\/blog\/wp-json\/wp\/v2\/comments?post=25569"}],"version-history":[{"count":1,"href":"https:\/\/www.associationdemarie.org\/blog\/wp-json\/wp\/v2\/posts\/25569\/revisions"}],"predecessor-version":[{"id":25571,"href":"https:\/\/www.associationdemarie.org\/blog\/wp-json\/wp\/v2\/posts\/25569\/revisions\/25571"}],"wp:attachment":[{"href":"https:\/\/www.associationdemarie.org\/blog\/wp-json\/wp\/v2\/media?parent=25569"}],"wp:term":[{"taxonomy":"category","embeddable":true,"href":"https:\/\/www.associationdemarie.org\/blog\/wp-json\/wp\/v2\/categories?post=25569"},{"taxonomy":"post_tag","embeddable":true,"href":"https:\/\/www.associationdemarie.org\/blog\/wp-json\/wp\/v2\/tags?post=25569"}],"curies":[{"name":"wp","href":"https:\/\/api.w.org\/{rel}","templated":true}]}}