{"id":25566,"date":"2025-05-26T01:59:58","date_gmt":"2025-05-26T00:59:58","guid":{"rendered":"http:\/\/www.associationdemarie.org\/blog\/?p=25566"},"modified":"2025-05-12T06:02:30","modified_gmt":"2025-05-12T05:02:30","slug":"hausser-son-esprit-jusqua-lesperance-de-la-gloire","status":"publish","type":"post","link":"https:\/\/www.associationdemarie.org\/blog\/hausser-son-esprit-jusqua-lesperance-de-la-gloire\/","title":{"rendered":"Hausser son esprit jusqu\u2019\u00e0 l\u2019esp\u00e9rance de la gloire"},"content":{"rendered":"\n<div class=\"wp-block-image\"><figure class=\"aligncenter is-resized\"><img loading=\"lazy\" decoding=\"async\" src=\"https:\/\/www.associationdemarie.org\/blog\/wp-content\/uploads\/2025\/05\/1280x1280-1024x1024.jpg\" alt=\"\" class=\"wp-image-25567\" width=\"494\" height=\"494\" srcset=\"https:\/\/www.associationdemarie.org\/blog\/wp-content\/uploads\/2025\/05\/1280x1280-1024x1024.jpg 1024w, https:\/\/www.associationdemarie.org\/blog\/wp-content\/uploads\/2025\/05\/1280x1280-150x150.jpg 150w, https:\/\/www.associationdemarie.org\/blog\/wp-content\/uploads\/2025\/05\/1280x1280-300x300.jpg 300w, https:\/\/www.associationdemarie.org\/blog\/wp-content\/uploads\/2025\/05\/1280x1280-768x768.jpg 768w, https:\/\/www.associationdemarie.org\/blog\/wp-content\/uploads\/2025\/05\/1280x1280.jpg 1280w\" sizes=\"auto, (max-width: 494px) 100vw, 494px\" \/><\/figure><\/div>\n\n\n\n<p>  Si la sainte \u00c9glise supporte les adversit\u00e9s de la vie pr\u00e9sente, c\u2019est pour \u00eatre conduite par une gr\u00e2ce d\u2019en-haut, jusqu\u2019aux r\u00e9compenses \u00e9ternelles. Elle m\u00e9prise la mort de sa chair, parce qu\u2019elle aspire \u00e0 la gloire de la r\u00e9surrection. Or transitoire est ce qu\u2019elle souffre, perp\u00e9tuel ce qu\u2019elle attend. Et ces biens perp\u00e9tuels ne lui inspirent aucun doute, parce qu\u2019elle en poss\u00e8de d\u00e9j\u00e0 un t\u00e9moignage fid\u00e8le dans la gloire de son R\u00e9dempteur. Elle voit en esprit la r\u00e9surrection de sa chair et elle se dresse de toutes ses forces vers l\u2019esp\u00e9rance, parce que ce qu\u2019elle voit d\u00e9j\u00e0 accompli en sa T\u00eate s\u2019accomplira un jour aussi dans le corps de son R\u00e9dempteur, c&rsquo;est-\u00e0-dire en elle-m\u00eame\u00a0: telle est son in\u00e9branlable esp\u00e9rance.             <\/p>\n\n\n\n<p>Et c\u2019est bien l\u2019\u00c9glise que le psalmiste consid\u00e8re comme promise \u00e0 une perfection perp\u00e9tuelle quand, pour parler d\u2019elle, il d\u00e9crit la lune en ces termes\u00a0: \u00ab\u00a0La lune est parfaite pour l\u2019\u00e9ternit\u00e9.\u00a0\u00bb (Ps 88,38 Vg) Et comme l\u2019esp\u00e9rance de la r\u00e9surrection est fortifi\u00e9e dans l\u2019\u00c9glise par la r\u00e9surrection du Seigneur, le Psalmiste \u00e9tait en droit d\u2019ajouter\u00a0: \u00ab\u00a0Et elle est dans le ciel un t\u00e9moin fid\u00e8le\u00a0\u00bb\u00a0: qu\u2019elle n\u2019ait pas \u00e0 trembler pour sa r\u00e9surrection, l\u2019\u00c9glise en a d\u00e9j\u00e0 pour t\u00e9moin celui qui est dans les cieux, ressuscit\u00e9 des morts.             <\/p>\n\n\n\n<p>Ainsi, quand il souffre l\u2019adversit\u00e9, quand il est \u00e9puis\u00e9 par de dures tribulations, le peuple fid\u00e8le peut hausser son esprit jusqu\u2019\u00e0 l\u2019esp\u00e9rance de la gloire qui l\u2019attend et dire, en fondant sa confiance sur la r\u00e9surrection de son R\u00e9dempteur\u00a0: \u00ab\u00a0Voici, en effet, que dans le ciel est mon t\u00e9moin et l\u00e0-haut mon confident.\u00a0\u00bb (Jb 16,20 Vg) Et l\u2019on est bien droit de l\u2019appeler confident puisqu\u2019il conna\u00eet notre nature non seulement en la cr\u00e9ant, mais aussi en l\u2019assumant. Car, pour lui, la conna\u00eetre c\u2019est avoir accept\u00e9 notre condition.<\/p>\n\n\n\n<h4 class=\"wp-block-heading\">Saint Gr\u00e9goire le Grand (v. 540-604)<\/h4>\n","protected":false},"excerpt":{"rendered":"<p>Si la sainte \u00c9glise supporte les adversit\u00e9s de la vie pr\u00e9sente, c\u2019est pour \u00eatre conduite par une gr\u00e2ce d\u2019en-haut, jusqu\u2019aux r\u00e9compenses \u00e9ternelles. Elle m\u00e9prise la mort de sa chair, parce qu\u2019elle aspire \u00e0 la gloire de la r\u00e9surrection. Or transitoire est ce qu\u2019elle souffre, perp\u00e9tuel ce qu\u2019elle attend. Et ces biens perp\u00e9tuels ne lui inspirent [&hellip;]<\/p>\n","protected":false},"author":2,"featured_media":0,"comment_status":"closed","ping_status":"closed","sticky":false,"template":"","format":"standard","meta":{"footnotes":""},"categories":[13,1261],"tags":[336,378,1488],"class_list":["post-25566","post","type-post","status-publish","format-standard","hentry","category-ecritures","category-enseignement-2","tag-eglise","tag-esprit-saint","tag-st-gregoire-le-grand"],"_links":{"self":[{"href":"https:\/\/www.associationdemarie.org\/blog\/wp-json\/wp\/v2\/posts\/25566","targetHints":{"allow":["GET"]}}],"collection":[{"href":"https:\/\/www.associationdemarie.org\/blog\/wp-json\/wp\/v2\/posts"}],"about":[{"href":"https:\/\/www.associationdemarie.org\/blog\/wp-json\/wp\/v2\/types\/post"}],"author":[{"embeddable":true,"href":"https:\/\/www.associationdemarie.org\/blog\/wp-json\/wp\/v2\/users\/2"}],"replies":[{"embeddable":true,"href":"https:\/\/www.associationdemarie.org\/blog\/wp-json\/wp\/v2\/comments?post=25566"}],"version-history":[{"count":1,"href":"https:\/\/www.associationdemarie.org\/blog\/wp-json\/wp\/v2\/posts\/25566\/revisions"}],"predecessor-version":[{"id":25568,"href":"https:\/\/www.associationdemarie.org\/blog\/wp-json\/wp\/v2\/posts\/25566\/revisions\/25568"}],"wp:attachment":[{"href":"https:\/\/www.associationdemarie.org\/blog\/wp-json\/wp\/v2\/media?parent=25566"}],"wp:term":[{"taxonomy":"category","embeddable":true,"href":"https:\/\/www.associationdemarie.org\/blog\/wp-json\/wp\/v2\/categories?post=25566"},{"taxonomy":"post_tag","embeddable":true,"href":"https:\/\/www.associationdemarie.org\/blog\/wp-json\/wp\/v2\/tags?post=25566"}],"curies":[{"name":"wp","href":"https:\/\/api.w.org\/{rel}","templated":true}]}}