{"id":25540,"date":"2025-05-19T01:15:21","date_gmt":"2025-05-19T00:15:21","guid":{"rendered":"http:\/\/www.associationdemarie.org\/blog\/?p=25540"},"modified":"2025-05-05T07:16:03","modified_gmt":"2025-05-05T06:16:03","slug":"si-quelquun-maime-il-gardera-ma-parole","status":"publish","type":"post","link":"https:\/\/www.associationdemarie.org\/blog\/si-quelquun-maime-il-gardera-ma-parole\/","title":{"rendered":"\u00ab Si quelqu\u2019un m\u2019aime, il gardera ma parole. \u00bb"},"content":{"rendered":"<p><img loading=\"lazy\" decoding=\"async\" class=\"aligncenter  wp-image-25543\" src=\"https:\/\/www.associationdemarie.org\/blog\/wp-content\/uploads\/2025\/05\/19-05-300x300.jpeg\" alt=\"\" width=\"424\" height=\"424\" srcset=\"https:\/\/www.associationdemarie.org\/blog\/wp-content\/uploads\/2025\/05\/19-05-300x300.jpeg 300w, https:\/\/www.associationdemarie.org\/blog\/wp-content\/uploads\/2025\/05\/19-05-150x150.jpeg 150w, https:\/\/www.associationdemarie.org\/blog\/wp-content\/uploads\/2025\/05\/19-05.jpeg 320w\" sizes=\"auto, (max-width: 424px) 100vw, 424px\" \/><\/p>\n<p>Le Verbe dit : \u00ab Viens ici de toi-m\u00eame, ma colombe, dans le creux du rocher qui est pr\u00e8s de la muraille \u00bb (Ct 2,13-14). Qu\u2019est-ce donc que cette mont\u00e9e vers la perfection dont parle notre texte ? C\u2019est de ne plus viser \u00e0 l\u2019effort comme ces gens que l\u2019on tire, mais de prendre pour nous guider vers la perfection notre propre attrait. \u00ab Viens ici de toi-m\u00eame \u00bb, dit le Verbe ; non \u00e0 regret ou par n\u00e9cessit\u00e9, mais \u00ab de toi-m\u00eame \u00bb, avec un d\u00e9sir du bien affermi par des intentions qui te soient propres, et non sous la contrainte de la n\u00e9cessit\u00e9. Car la vertu n\u2019admet pas de tyran, mais elle agit volontairement et elle est libre de toute n\u00e9cessit\u00e9. C\u2019est ainsi qu\u2019\u00e9tait David qui priait Dieu d\u2019agr\u00e9er seulement les offrandes qu\u2019il avait faites de plein gr\u00e9 et promettait d\u2019offrir des sacrifices volontaires (cf. Ps 53,8). C\u2019est aussi l\u2019attitude de tous les saints que de s\u2019offrir \u00e0 Dieu, sans y \u00eatre conduits par la n\u00e9cessit\u00e9. Montre donc toi aussi ta perfection, en assumant toi-m\u00eame le d\u00e9sir de monter plus haut.<\/p>\n<p>Une fois l\u00e0, dit le Verbe, tu viendras \u00ab dans le creux du rocher qui est pr\u00e8s de la muraille \u00bb. Voici le sens de ces paroles, car il faut traduire les \u00e9nigmes en paroles plus claires. L\u2019unique creux du rocher pour l\u2019\u00e2me de l\u2019homme est l\u2019altitude de l\u2019\u00e9vangile ; si l\u2019on y parvient, on n\u2019a d\u00e9sormais plus besoin de l\u2019enseignement obscur des figures cach\u00e9es dans les pr\u00e9ceptes. Que la gr\u00e2ce de l\u2019\u00c9vangile soit appel\u00e9e rocher, aucun de ceux qui partagent quelque peu notre foi ne le contredirait. On peut voir \u00e0 bien des reprises, en effet, dans l\u2019\u00c9criture, que l\u2019\u00c9vangile est un rocher (cf. Mt 7,24). (\u2026) Puisque le creux du rocher est pr\u00e8s de la muraille, ce n\u2019est pas loin pour toi de passer du mur au rocher. (\u2026) Celui qui rejette ainsi la loi vient au creux du rocher \u00e9vang\u00e9lique qui fait suite au mur charnel.<\/p>\n<h3 class=\"GospelCommentaryAuthor-name commentary-author font-2\">Saint Gr\u00e9goire de Nysse (v. 335-395)<\/h3>\n","protected":false},"excerpt":{"rendered":"<p>Le Verbe dit : \u00ab Viens ici de toi-m\u00eame, ma colombe, dans le creux du rocher qui est pr\u00e8s de la muraille \u00bb (Ct 2,13-14). Qu\u2019est-ce donc que cette mont\u00e9e vers la perfection dont parle notre texte ? C\u2019est de ne plus viser \u00e0 l\u2019effort comme ces gens que l\u2019on tire, mais de prendre pour [&hellip;]<\/p>\n","protected":false},"author":2,"featured_media":0,"comment_status":"closed","ping_status":"closed","sticky":false,"template":"","format":"standard","meta":{"footnotes":""},"categories":[1],"tags":[],"class_list":["post-25540","post","type-post","status-publish","format-standard","hentry","category-non-classe"],"_links":{"self":[{"href":"https:\/\/www.associationdemarie.org\/blog\/wp-json\/wp\/v2\/posts\/25540","targetHints":{"allow":["GET"]}}],"collection":[{"href":"https:\/\/www.associationdemarie.org\/blog\/wp-json\/wp\/v2\/posts"}],"about":[{"href":"https:\/\/www.associationdemarie.org\/blog\/wp-json\/wp\/v2\/types\/post"}],"author":[{"embeddable":true,"href":"https:\/\/www.associationdemarie.org\/blog\/wp-json\/wp\/v2\/users\/2"}],"replies":[{"embeddable":true,"href":"https:\/\/www.associationdemarie.org\/blog\/wp-json\/wp\/v2\/comments?post=25540"}],"version-history":[{"count":1,"href":"https:\/\/www.associationdemarie.org\/blog\/wp-json\/wp\/v2\/posts\/25540\/revisions"}],"predecessor-version":[{"id":25544,"href":"https:\/\/www.associationdemarie.org\/blog\/wp-json\/wp\/v2\/posts\/25540\/revisions\/25544"}],"wp:attachment":[{"href":"https:\/\/www.associationdemarie.org\/blog\/wp-json\/wp\/v2\/media?parent=25540"}],"wp:term":[{"taxonomy":"category","embeddable":true,"href":"https:\/\/www.associationdemarie.org\/blog\/wp-json\/wp\/v2\/categories?post=25540"},{"taxonomy":"post_tag","embeddable":true,"href":"https:\/\/www.associationdemarie.org\/blog\/wp-json\/wp\/v2\/tags?post=25540"}],"curies":[{"name":"wp","href":"https:\/\/api.w.org\/{rel}","templated":true}]}}