{"id":255,"date":"2009-05-18T10:51:38","date_gmt":"2009-05-18T10:51:38","guid":{"rendered":"http:\/\/preprod.meltem-int.com\/marie\/blog\/?p=255"},"modified":"2009-05-18T10:51:38","modified_gmt":"2009-05-18T10:51:38","slug":"padre-pio","status":"publish","type":"post","link":"https:\/\/www.associationdemarie.org\/blog\/padre-pio\/","title":{"rendered":"Padre Pio"},"content":{"rendered":"<p><img loading=\"lazy\" decoding=\"async\" class=\"alignright size-medium wp-image-253\" title=\"padre-pio\" src=\"https:\/\/www.associationdemarie.org\/blog\/wp-content\/uploads\/2009\/05\/padre-pio-238x300.jpg\" alt=\"padre-pio\" width=\"238\" height=\"300\" srcset=\"https:\/\/www.associationdemarie.org\/blog\/wp-content\/uploads\/2009\/05\/padre-pio-238x300.jpg 238w, https:\/\/www.associationdemarie.org\/blog\/wp-content\/uploads\/2009\/05\/padre-pio.jpg 388w\" sizes=\"auto, (max-width: 238px) 100vw, 238px\" \/><\/p>\n<p>Padre Pio: un ph\u00e9nom\u00e8ne! Unique en son genre!<br \/>\nIl incarne le surnaturel dans un monde qui n&rsquo;y croit plus.<br \/>\nIl se l\u00e8ve comme un proph\u00e8te, comme un h\u00e9raut de Dieu,<br \/>\ncomme un t\u00e9moin qui affirme que Dieu est capable de tout pour nous ramener \u00e0 Lui.<\/p>\n<p>Il annonce une \u00e8re mystique,celle de la mis\u00e9ricorde!<br \/>\nCelle o\u00f9 chaque \u00e2me est appel\u00e9e \u00e0 devenir une hostie de l&rsquo;unique messe de l&rsquo;Amour!<\/p>\n","protected":false},"excerpt":{"rendered":"<p>Padre Pio: un ph\u00e9nom\u00e8ne! Unique en son genre! Il incarne le surnaturel dans un monde qui n&rsquo;y croit plus. Il se l\u00e8ve comme un proph\u00e8te, comme un h\u00e9raut de Dieu, comme un t\u00e9moin qui affirme que Dieu est capable de tout pour nous ramener \u00e0 Lui. Il annonce une \u00e8re mystique,celle de la mis\u00e9ricorde! Celle [&hellip;]<\/p>\n","protected":false},"author":1,"featured_media":0,"comment_status":"closed","ping_status":"closed","sticky":false,"template":"","format":"standard","meta":{"footnotes":""},"categories":[28],"tags":[751,923],"class_list":["post-255","post","type-post","status-publish","format-standard","hentry","category-saints-et-saintes","tag-padre","tag-saint"],"_links":{"self":[{"href":"https:\/\/www.associationdemarie.org\/blog\/wp-json\/wp\/v2\/posts\/255","targetHints":{"allow":["GET"]}}],"collection":[{"href":"https:\/\/www.associationdemarie.org\/blog\/wp-json\/wp\/v2\/posts"}],"about":[{"href":"https:\/\/www.associationdemarie.org\/blog\/wp-json\/wp\/v2\/types\/post"}],"author":[{"embeddable":true,"href":"https:\/\/www.associationdemarie.org\/blog\/wp-json\/wp\/v2\/users\/1"}],"replies":[{"embeddable":true,"href":"https:\/\/www.associationdemarie.org\/blog\/wp-json\/wp\/v2\/comments?post=255"}],"version-history":[{"count":0,"href":"https:\/\/www.associationdemarie.org\/blog\/wp-json\/wp\/v2\/posts\/255\/revisions"}],"wp:attachment":[{"href":"https:\/\/www.associationdemarie.org\/blog\/wp-json\/wp\/v2\/media?parent=255"}],"wp:term":[{"taxonomy":"category","embeddable":true,"href":"https:\/\/www.associationdemarie.org\/blog\/wp-json\/wp\/v2\/categories?post=255"},{"taxonomy":"post_tag","embeddable":true,"href":"https:\/\/www.associationdemarie.org\/blog\/wp-json\/wp\/v2\/tags?post=255"}],"curies":[{"name":"wp","href":"https:\/\/api.w.org\/{rel}","templated":true}]}}