{"id":25490,"date":"2025-05-03T01:14:13","date_gmt":"2025-05-03T00:14:13","guid":{"rendered":"http:\/\/www.associationdemarie.org\/blog\/?p=25490"},"modified":"2025-04-19T07:16:09","modified_gmt":"2025-04-19T06:16:09","slug":"fete-de-st-philippe-et-st-jacques-le-mineur-apotres-5","status":"publish","type":"post","link":"https:\/\/www.associationdemarie.org\/blog\/fete-de-st-philippe-et-st-jacques-le-mineur-apotres-5\/","title":{"rendered":"F\u00eate de St Philippe et St Jacques (le mineur), ap\u00f4tres"},"content":{"rendered":"<p><img loading=\"lazy\" decoding=\"async\" class=\"aligncenter  wp-image-25491\" src=\"https:\/\/www.associationdemarie.org\/blog\/wp-content\/uploads\/2025\/04\/3-05-St_Philippe_et_Jacques-300x181.jpeg\" alt=\"\" width=\"464\" height=\"280\" srcset=\"https:\/\/www.associationdemarie.org\/blog\/wp-content\/uploads\/2025\/04\/3-05-St_Philippe_et_Jacques-300x181.jpeg 300w, https:\/\/www.associationdemarie.org\/blog\/wp-content\/uploads\/2025\/04\/3-05-St_Philippe_et_Jacques-768x462.jpeg 768w, https:\/\/www.associationdemarie.org\/blog\/wp-content\/uploads\/2025\/04\/3-05-St_Philippe_et_Jacques.jpeg 950w\" sizes=\"auto, (max-width: 464px) 100vw, 464px\" \/><\/p>\n<p>Vous savez, mes s\u0153urs, que les conf\u00e9rences ont servi \u00e0 Notre Seigneur pour l&rsquo;\u00e9tablissement de son \u00c9glise. D\u00e8s le jour o\u00f9 il assembla ses ap\u00f4tres, il leur en fit ; puis, quand sa Compagnie fut plus grande et eut ap\u00f4tres et disciples, il tint parfois avec eux des assembl\u00e9es ; et ce fut dans une conf\u00e9rence comme cela que saint Philippe, dont nous faisons aujourd&rsquo;hui la f\u00eate, dit \u00e0 Notre Seigneur : \u00ab Seigneur, vous nous parlez de votre P\u00e8re, mais faites-nous voir votre P\u00e8re \u00bb ; et Notre Seigneur lui r\u00e9pondit : \u00ab Qui me voit voit mon P\u00e8re ; mon P\u00e8re et moi ne sommes qu&rsquo;un \u00bb.<\/p>\n<p>Les ap\u00f4tres proposaient leurs difficult\u00e9s dans ces conf\u00e9rences, et Notre Seigneur leur r\u00e9pondait. Il traitait de l&rsquo;avancement de l&rsquo;\u00c9glise et des moyens dont Dieu se servirait pour la faire fleurir. De sorte, mes ch\u00e8res s\u0153urs, que l&rsquo;on peut dire, et c&rsquo;est certain, que J\u00e9sus Christ m\u00eame a institu\u00e9 les conf\u00e9rences et s&rsquo;en est servi pour le commencement, le progr\u00e8s et la perfection de son \u00c9glise ; et apr\u00e8s sa mort et son ascension glorieuse il ne se faisait d&rsquo;autres instructions entre les fid\u00e8les par les ap\u00f4tres et par les pr\u00eatres que sous forme de conf\u00e9rence. il n&rsquo;y avait point de sermon ; quand les chr\u00e9tiens \u00e9taient assembl\u00e9s, on commen\u00e7ait la conf\u00e9rence.<\/p>\n<h3 class=\"GospelCommentaryAuthor-name commentary-author font-2\">Saint Vincent de Paul (1581-1660)<\/h3>\n<p>&nbsp;<\/p>\n<p>&nbsp;<\/p>\n<p>&nbsp;<\/p>\n","protected":false},"excerpt":{"rendered":"<p>Vous savez, mes s\u0153urs, que les conf\u00e9rences ont servi \u00e0 Notre Seigneur pour l&rsquo;\u00e9tablissement de son \u00c9glise. D\u00e8s le jour o\u00f9 il assembla ses ap\u00f4tres, il leur en fit ; puis, quand sa Compagnie fut plus grande et eut ap\u00f4tres et disciples, il tint parfois avec eux des assembl\u00e9es ; et ce fut dans une [&hellip;]<\/p>\n","protected":false},"author":2,"featured_media":0,"comment_status":"closed","ping_status":"closed","sticky":false,"template":"","format":"standard","meta":{"footnotes":""},"categories":[28],"tags":[84,1040,1069,1084],"class_list":["post-25490","post","type-post","status-publish","format-standard","hentry","category-saints-et-saintes","tag-apotres","tag-st-jacques","tag-st-philippe","tag-st-vincent-de-paul"],"_links":{"self":[{"href":"https:\/\/www.associationdemarie.org\/blog\/wp-json\/wp\/v2\/posts\/25490","targetHints":{"allow":["GET"]}}],"collection":[{"href":"https:\/\/www.associationdemarie.org\/blog\/wp-json\/wp\/v2\/posts"}],"about":[{"href":"https:\/\/www.associationdemarie.org\/blog\/wp-json\/wp\/v2\/types\/post"}],"author":[{"embeddable":true,"href":"https:\/\/www.associationdemarie.org\/blog\/wp-json\/wp\/v2\/users\/2"}],"replies":[{"embeddable":true,"href":"https:\/\/www.associationdemarie.org\/blog\/wp-json\/wp\/v2\/comments?post=25490"}],"version-history":[{"count":2,"href":"https:\/\/www.associationdemarie.org\/blog\/wp-json\/wp\/v2\/posts\/25490\/revisions"}],"predecessor-version":[{"id":25493,"href":"https:\/\/www.associationdemarie.org\/blog\/wp-json\/wp\/v2\/posts\/25490\/revisions\/25493"}],"wp:attachment":[{"href":"https:\/\/www.associationdemarie.org\/blog\/wp-json\/wp\/v2\/media?parent=25490"}],"wp:term":[{"taxonomy":"category","embeddable":true,"href":"https:\/\/www.associationdemarie.org\/blog\/wp-json\/wp\/v2\/categories?post=25490"},{"taxonomy":"post_tag","embeddable":true,"href":"https:\/\/www.associationdemarie.org\/blog\/wp-json\/wp\/v2\/tags?post=25490"}],"curies":[{"name":"wp","href":"https:\/\/api.w.org\/{rel}","templated":true}]}}