{"id":25453,"date":"2025-04-22T01:21:10","date_gmt":"2025-04-22T00:21:10","guid":{"rendered":"http:\/\/www.associationdemarie.org\/blog\/?p=25453"},"modified":"2025-04-08T08:23:17","modified_gmt":"2025-04-08T07:23:17","slug":"jai-vu-le-seigneur-et-voila-ce-quil-ma-dit","status":"publish","type":"post","link":"https:\/\/www.associationdemarie.org\/blog\/jai-vu-le-seigneur-et-voila-ce-quil-ma-dit\/","title":{"rendered":"\u00ab J&rsquo;ai vu le Seigneur, et voil\u00e0 ce qu&rsquo;il m&rsquo;a dit. \u00bb"},"content":{"rendered":"<p><img loading=\"lazy\" decoding=\"async\" class=\"aligncenter  wp-image-25454\" src=\"https:\/\/www.associationdemarie.org\/blog\/wp-content\/uploads\/2025\/04\/22-04-300x180.jpeg\" alt=\"\" width=\"472\" height=\"283\" srcset=\"https:\/\/www.associationdemarie.org\/blog\/wp-content\/uploads\/2025\/04\/22-04-300x180.jpeg 300w, https:\/\/www.associationdemarie.org\/blog\/wp-content\/uploads\/2025\/04\/22-04-768x460.jpeg 768w, https:\/\/www.associationdemarie.org\/blog\/wp-content\/uploads\/2025\/04\/22-04.jpeg 930w\" sizes=\"auto, (max-width: 472px) 100vw, 472px\" \/><\/p>\n<p>\u00ab Ne me touche pas, car je ne suis pas encore mont\u00e9 vers le P\u00e8re. \u00bb Pourquoi notre Seigneur ne peut-il pas \u00eatre touch\u00e9 avant son ascension, et comment pourrait-il \u00eatre touch\u00e9 apr\u00e8s ? (&#8230;) \u00ab Ne me touche pas, car voici que, pour votre plus grand bien, je me h\u00e2te de la terre au ciel, de la chair et du sang \u00e0 la gloire, d&rsquo;un corps humain \u00e0 un corps spirituel (1Co 15,44). (&#8230;) Remonter d&rsquo;ici-bas, en corps et en \u00e2me, jusqu&rsquo;\u00e0 mon P\u00e8re, c&rsquo;est descendre en esprit de mon P\u00e8re aupr\u00e8s de vous. Alors, je vous serai pr\u00e9sent, quoiqu&rsquo;invisible : plus r\u00e9ellement pr\u00e9sent qu&rsquo;aujourd&rsquo;hui. Alors, tu pourras me toucher et me saisir \u2014 sans une \u00e9treinte visible, mais plus r\u00e9elle, par la foi et la d\u00e9votion. (&#8230;)<\/p>\n<p>\u00ab Tu m&rsquo;as vu, Marie, mais tu n&rsquo;as pas pu me retenir. Tu m&rsquo;as approch\u00e9, mais juste assez pour me baiser les pieds et \u00eatre effleur\u00e9e de ma main. Tu as dit : \u2018Oh, si je savais comment l&rsquo;atteindre, parvenir jusqu&rsquo;\u00e0 sa demeure ! Si je pouvais le tenir et ne plus le perdre !\u2019 (Jb 23,3; cf Ct 5,6) Ton d\u00e9sir se r\u00e9alise : quand je serai mont\u00e9 au ciel, tu ne verras plus rien, mais tu auras tout. \u2018\u00c0 mon ombre d\u00e9sir\u00e9e tu pourras t&rsquo;asseoir, et mon fruit sera doux \u00e0 ton palais\u2019 (Ct 2,3). Tu m&rsquo;auras pleinement et enti\u00e8rement. Je serai pr\u00e8s de toi, en toi ; je viendrai dans ton c\u0153ur, enti\u00e8rement Sauveur, enti\u00e8rement Christ, en toute ma pl\u00e9nitude, Dieu et homme, par la puissance prodigieuse de mon Corps et de mon Sang. \u00bb<\/p>\n<h3 class=\"GospelCommentaryAuthor-name commentary-author font-2\">Saint John Henry Newman (1801-1890)<\/h3>\n<p>&nbsp;<\/p>\n<p>&nbsp;<\/p>\n<p>&nbsp;<\/p>\n","protected":false},"excerpt":{"rendered":"<p>\u00ab Ne me touche pas, car je ne suis pas encore mont\u00e9 vers le P\u00e8re. \u00bb Pourquoi notre Seigneur ne peut-il pas \u00eatre touch\u00e9 avant son ascension, et comment pourrait-il \u00eatre touch\u00e9 apr\u00e8s ? (&#8230;) \u00ab Ne me touche pas, car voici que, pour votre plus grand bien, je me h\u00e2te de la terre au [&hellip;]<\/p>\n","protected":false},"author":2,"featured_media":0,"comment_status":"closed","ping_status":"closed","sticky":false,"template":"","format":"standard","meta":{"footnotes":""},"categories":[13,1261],"tags":[892,1537,1101],"class_list":["post-25453","post","type-post","status-publish","format-standard","hentry","category-ecritures","category-enseignement-2","tag-resurrection","tag-st-john-henry-newman","tag-ste-marie-madeleine"],"_links":{"self":[{"href":"https:\/\/www.associationdemarie.org\/blog\/wp-json\/wp\/v2\/posts\/25453","targetHints":{"allow":["GET"]}}],"collection":[{"href":"https:\/\/www.associationdemarie.org\/blog\/wp-json\/wp\/v2\/posts"}],"about":[{"href":"https:\/\/www.associationdemarie.org\/blog\/wp-json\/wp\/v2\/types\/post"}],"author":[{"embeddable":true,"href":"https:\/\/www.associationdemarie.org\/blog\/wp-json\/wp\/v2\/users\/2"}],"replies":[{"embeddable":true,"href":"https:\/\/www.associationdemarie.org\/blog\/wp-json\/wp\/v2\/comments?post=25453"}],"version-history":[{"count":1,"href":"https:\/\/www.associationdemarie.org\/blog\/wp-json\/wp\/v2\/posts\/25453\/revisions"}],"predecessor-version":[{"id":25455,"href":"https:\/\/www.associationdemarie.org\/blog\/wp-json\/wp\/v2\/posts\/25453\/revisions\/25455"}],"wp:attachment":[{"href":"https:\/\/www.associationdemarie.org\/blog\/wp-json\/wp\/v2\/media?parent=25453"}],"wp:term":[{"taxonomy":"category","embeddable":true,"href":"https:\/\/www.associationdemarie.org\/blog\/wp-json\/wp\/v2\/categories?post=25453"},{"taxonomy":"post_tag","embeddable":true,"href":"https:\/\/www.associationdemarie.org\/blog\/wp-json\/wp\/v2\/tags?post=25453"}],"curies":[{"name":"wp","href":"https:\/\/api.w.org\/{rel}","templated":true}]}}