{"id":25447,"date":"2025-04-20T01:59:42","date_gmt":"2025-04-20T00:59:42","guid":{"rendered":"http:\/\/www.associationdemarie.org\/blog\/?p=25447"},"modified":"2025-04-06T07:01:37","modified_gmt":"2025-04-06T06:01:37","slug":"tu-es-ressuscite-dentre-les-morts-et-tu-as-sauve-le-monde","status":"publish","type":"post","link":"https:\/\/www.associationdemarie.org\/blog\/tu-es-ressuscite-dentre-les-morts-et-tu-as-sauve-le-monde\/","title":{"rendered":"Tu es ressuscit\u00e9 d\u2019entre les morts et tu as sauv\u00e9 le monde !"},"content":{"rendered":"<p><img loading=\"lazy\" decoding=\"async\" class=\"aligncenter  wp-image-25448\" src=\"https:\/\/www.associationdemarie.org\/blog\/wp-content\/uploads\/2025\/04\/20-04.jpeg\" alt=\"\" width=\"383\" height=\"383\" srcset=\"https:\/\/www.associationdemarie.org\/blog\/wp-content\/uploads\/2025\/04\/20-04.jpeg 225w, https:\/\/www.associationdemarie.org\/blog\/wp-content\/uploads\/2025\/04\/20-04-150x150.jpeg 150w\" sizes=\"auto, (max-width: 383px) 100vw, 383px\" \/><\/p>\n<p>Tu as \u00e9t\u00e9 \u00e9lev\u00e9 sur la croix, tu as eu le c\u00f4t\u00e9 perc\u00e9 d\u2019une lance en ta chair par les impies : c\u2019\u00e9tait \u00e0 cause d\u2019Adam \u00e9gar\u00e9. car tu voulais l\u2019arracher \u00e0 la haine de l\u2019Ennemi, Sauveur, et par ta r\u00e9surrection sauver l\u2019\u00eatre fa\u00e7onn\u00e9 par tes mains de l\u2019antique mal\u00e9diction. Chantons donc au Christ notre Dieu, parce qu\u2019il s\u2019est couvert de gloire !<\/p>\n<p>Tu es ressuscit\u00e9 d\u2019entre les morts et tu as sauv\u00e9 le monde de la corruption, toi le Tout-Puissant, par ta puissance divine ; tu t\u2019es fait voir aux Porteuses de parfum, Seigneur notre bienfaiteur, avec ce mot : \u00ab R\u00e9jouissez-vous ! \u00bb, les envoyant annoncer la divine r\u00e9surrection. Chantons donc au Christ notre Dieu, parce qu\u2019il s\u2019est couvert de gloire !<\/p>\n<p>Deux anges se sont fait voir dans le tombeau, Sauveur, annon\u00e7ant aux femmes ta r\u00e9surrection d\u2019entre les morts, et ils les ont envoy\u00e9es vers Sion proclamer aux disciples ta divine et radieuse r\u00e9surrection en s\u2019\u00e9criant d\u2019une voix \u00e9clatante : \u00ab Le Seigneur crucifi\u00e9 s\u2019est relev\u00e9 de la tombe le troisi\u00e8me jour ! \u00bb (\u2026)<\/p>\n<p>Du s\u00e9pulcre, au bout de trois jours, toi seul, Sauveur, tu t\u2019es relev\u00e9, r\u00e9veillant, \u00f4 Bienfaiteur, les captifs de l\u2019Had\u00e8s et les soustrayant \u00e0 la condamnation jadis encourue \u00e0 cause du serpent, car c\u2019est toi qui est la Vie et la R\u00e9surrection.<\/p>\n<p>Applaudissez des deux mains, toutes les nations, le Christ ressuscit\u00e9, car Dieu r\u00e9gnera pour l\u2019\u00e9ternit\u00e9, apr\u00e8s avoir bris\u00e9 l\u2019empire de la Mort et nous avoir tous arrach\u00e9s \u00e0 la condamnation \u00e0 mort.<\/p>\n<h3 class=\"GospelCommentaryAuthor-name commentary-author font-2\">Livre d&rsquo;heures du Sina\u00ef (9e si\u00e8cle)<\/h3>\n<p>&nbsp;<\/p>\n<p>&nbsp;<\/p>\n<p>&nbsp;<\/p>\n","protected":false},"excerpt":{"rendered":"<p>Tu as \u00e9t\u00e9 \u00e9lev\u00e9 sur la croix, tu as eu le c\u00f4t\u00e9 perc\u00e9 d\u2019une lance en ta chair par les impies : c\u2019\u00e9tait \u00e0 cause d\u2019Adam \u00e9gar\u00e9. car tu voulais l\u2019arracher \u00e0 la haine de l\u2019Ennemi, Sauveur, et par ta r\u00e9surrection sauver l\u2019\u00eatre fa\u00e7onn\u00e9 par tes mains de l\u2019antique mal\u00e9diction. Chantons donc au Christ notre [&hellip;]<\/p>\n","protected":false},"author":2,"featured_media":0,"comment_status":"closed","ping_status":"closed","sticky":false,"template":"","format":"standard","meta":{"footnotes":""},"categories":[3],"tags":[1672,763,892],"class_list":["post-25447","post","type-post","status-publish","format-standard","hentry","category-liturgique","tag-livre-dheures-du-sinai","tag-paques","tag-resurrection"],"_links":{"self":[{"href":"https:\/\/www.associationdemarie.org\/blog\/wp-json\/wp\/v2\/posts\/25447","targetHints":{"allow":["GET"]}}],"collection":[{"href":"https:\/\/www.associationdemarie.org\/blog\/wp-json\/wp\/v2\/posts"}],"about":[{"href":"https:\/\/www.associationdemarie.org\/blog\/wp-json\/wp\/v2\/types\/post"}],"author":[{"embeddable":true,"href":"https:\/\/www.associationdemarie.org\/blog\/wp-json\/wp\/v2\/users\/2"}],"replies":[{"embeddable":true,"href":"https:\/\/www.associationdemarie.org\/blog\/wp-json\/wp\/v2\/comments?post=25447"}],"version-history":[{"count":1,"href":"https:\/\/www.associationdemarie.org\/blog\/wp-json\/wp\/v2\/posts\/25447\/revisions"}],"predecessor-version":[{"id":25449,"href":"https:\/\/www.associationdemarie.org\/blog\/wp-json\/wp\/v2\/posts\/25447\/revisions\/25449"}],"wp:attachment":[{"href":"https:\/\/www.associationdemarie.org\/blog\/wp-json\/wp\/v2\/media?parent=25447"}],"wp:term":[{"taxonomy":"category","embeddable":true,"href":"https:\/\/www.associationdemarie.org\/blog\/wp-json\/wp\/v2\/categories?post=25447"},{"taxonomy":"post_tag","embeddable":true,"href":"https:\/\/www.associationdemarie.org\/blog\/wp-json\/wp\/v2\/tags?post=25447"}],"curies":[{"name":"wp","href":"https:\/\/api.w.org\/{rel}","templated":true}]}}