{"id":25396,"date":"2025-04-03T01:46:37","date_gmt":"2025-04-03T00:46:37","guid":{"rendered":"http:\/\/www.associationdemarie.org\/blog\/?p=25396"},"modified":"2025-03-20T07:48:24","modified_gmt":"2025-03-20T06:48:24","slug":"les-temoins-du-christ","status":"publish","type":"post","link":"https:\/\/www.associationdemarie.org\/blog\/les-temoins-du-christ\/","title":{"rendered":"Les t\u00e9moins du Christ"},"content":{"rendered":"<p><img loading=\"lazy\" decoding=\"async\" class=\"aligncenter  wp-image-25397\" src=\"https:\/\/www.associationdemarie.org\/blog\/wp-content\/uploads\/2025\/03\/3-04-300x200.jpg\" alt=\"\" width=\"440\" height=\"293\" srcset=\"https:\/\/www.associationdemarie.org\/blog\/wp-content\/uploads\/2025\/03\/3-04-300x200.jpg 300w, https:\/\/www.associationdemarie.org\/blog\/wp-content\/uploads\/2025\/03\/3-04.jpg 430w\" sizes=\"auto, (max-width: 440px) 100vw, 440px\" \/><\/p>\n<p>Nombreux sont, mes bien-aim\u00e9s, les t\u00e9moignages v\u00e9ridiques au sujet du Christ.<\/p>\n<p>T\u00e9moignage du P\u00e8re, venant du ciel, au sujet de son Fils ; t\u00e9moignage de l\u2019Esprit Saint, qui descend sous la forme corporelle d\u2019une colombe ; t\u00e9moignage de Gabriel archange, annon\u00e7ant \u00e0 Marie la bonne nouvelle ; t\u00e9moignage de la Vierge M\u00e8re de Dieu : t\u00e9moignage du lieu b\u00e9ni de la cr\u00e8che. (\u2026) Jean-Baptiste t\u00e9moigne, le plus grand des proph\u00e8tes, l\u2019introducteur de la Nouvelle Alliance, celui m\u00eame qui d\u2019une certaine mani\u00e8re relie en sa personne les deux alliances, l\u2019Ancienne et la Nouvelle. Parmi les fleuves, le Jourdain t\u00e9moigne, et parmi les mers la mer de Tib\u00e9riade ; t\u00e9moignent les aveugles, t\u00e9moignent les boiteux, t\u00e9moignent les morts ressuscit\u00e9s ; les d\u00e9mons t\u00e9moignent en disant : \u00ab Nous savons qui tu es : le Saint de Dieu \u00bb (Mc 1,24). T\u00e9moignent les vents ramen\u00e9s \u00e0 l\u2019ordre et au silence ; les cinq pains t\u00e9moignent, qui furent multipli\u00e9s entre cinq mille convives. (\u2026) Les ennemis de ce temps-l\u00e0 t\u00e9moignent, et parmi eux, le bienheureux Paul, ennemi d\u2019un instant, esclave d\u2019un long temps ; les douze ap\u00f4tres t\u00e9moignent, qui, non seulement en paroles, mais chacun par ses supplices et sa mort, ont proclam\u00e9 la v\u00e9rit\u00e9.(\u2026)<\/p>\n<p>Tous ceux-l\u00e0, divers, et d\u2019autres plus nombreux encore, sont t\u00e9moins. Est-ce que le Christ, soutenu par ces t\u00e9moignages, rencontre encore l\u2019incr\u00e9dulit\u00e9 ? Si donc quelqu\u2019un est jusqu\u2019\u00e0 pr\u00e9sent demeur\u00e9 incr\u00e9dule, qu\u2019il croie d\u00e9sormais ; et si quelqu\u2019un \u00e9tait d\u00e9j\u00e0 croyant, qu\u2019il accentue son progr\u00e8s dans la foi, en croyant en notre Seigneur J\u00e9sus Christ, et qu\u2019il sache de qui il porte le nom. Tu es appel\u00e9 \u00ab chr\u00e9tien \u00bb \u2013 respecte ton nom ; que notre Seigneur J\u00e9sus Christ Fils de Dieu ne soit pas blasph\u00e9m\u00e9 \u00e0 cause de toi, mais que plut\u00f4t tes belles \u0153uvres brillent devant les hommes, pour qu\u2019\u00e0 leur vue, les hommes glorifient dans le Christ J\u00e9sus notre Seigneur, le P\u00e8re des cieux \u00e0 qui la gloire maintenant et dans les si\u00e8cles des si\u00e8cles. Amen.<\/p>\n<h3 class=\"GospelCommentaryAuthor-name commentary-author font-2\">Saint Cyrille de J\u00e9rusalem (313-350)<\/h3>\n<p>&nbsp;<\/p>\n<p>&nbsp;<\/p>\n<p>&nbsp;<\/p>\n","protected":false},"excerpt":{"rendered":"<p>Nombreux sont, mes bien-aim\u00e9s, les t\u00e9moignages v\u00e9ridiques au sujet du Christ. T\u00e9moignage du P\u00e8re, venant du ciel, au sujet de son Fils ; t\u00e9moignage de l\u2019Esprit Saint, qui descend sous la forme corporelle d\u2019une colombe ; t\u00e9moignage de Gabriel archange, annon\u00e7ant \u00e0 Marie la bonne nouvelle ; t\u00e9moignage de la Vierge M\u00e8re de Dieu : [&hellip;]<\/p>\n","protected":false},"author":2,"featured_media":0,"comment_status":"closed","ping_status":"closed","sticky":false,"template":"","format":"standard","meta":{"footnotes":""},"categories":[13,1261],"tags":[1499,1128],"class_list":["post-25396","post","type-post","status-publish","format-standard","hentry","category-ecritures","category-enseignement-2","tag-st-cyrille-de-jerusalem","tag-temoins"],"_links":{"self":[{"href":"https:\/\/www.associationdemarie.org\/blog\/wp-json\/wp\/v2\/posts\/25396","targetHints":{"allow":["GET"]}}],"collection":[{"href":"https:\/\/www.associationdemarie.org\/blog\/wp-json\/wp\/v2\/posts"}],"about":[{"href":"https:\/\/www.associationdemarie.org\/blog\/wp-json\/wp\/v2\/types\/post"}],"author":[{"embeddable":true,"href":"https:\/\/www.associationdemarie.org\/blog\/wp-json\/wp\/v2\/users\/2"}],"replies":[{"embeddable":true,"href":"https:\/\/www.associationdemarie.org\/blog\/wp-json\/wp\/v2\/comments?post=25396"}],"version-history":[{"count":1,"href":"https:\/\/www.associationdemarie.org\/blog\/wp-json\/wp\/v2\/posts\/25396\/revisions"}],"predecessor-version":[{"id":25398,"href":"https:\/\/www.associationdemarie.org\/blog\/wp-json\/wp\/v2\/posts\/25396\/revisions\/25398"}],"wp:attachment":[{"href":"https:\/\/www.associationdemarie.org\/blog\/wp-json\/wp\/v2\/media?parent=25396"}],"wp:term":[{"taxonomy":"category","embeddable":true,"href":"https:\/\/www.associationdemarie.org\/blog\/wp-json\/wp\/v2\/categories?post=25396"},{"taxonomy":"post_tag","embeddable":true,"href":"https:\/\/www.associationdemarie.org\/blog\/wp-json\/wp\/v2\/tags?post=25396"}],"curies":[{"name":"wp","href":"https:\/\/api.w.org\/{rel}","templated":true}]}}