{"id":25365,"date":"2025-03-24T01:15:04","date_gmt":"2025-03-24T00:15:04","guid":{"rendered":"http:\/\/www.associationdemarie.org\/blog\/?p=25365"},"modified":"2025-03-10T08:17:00","modified_gmt":"2025-03-10T07:17:00","slug":"le-careme-conduit-a-la-resurrection-du-bapteme-2","status":"publish","type":"post","link":"https:\/\/www.associationdemarie.org\/blog\/le-careme-conduit-a-la-resurrection-du-bapteme-2\/","title":{"rendered":"Le Car\u00eame conduit \u00e0 la r\u00e9surrection du bapt\u00eame"},"content":{"rendered":"<p><img loading=\"lazy\" decoding=\"async\" class=\" wp-image-25366\" src=\"https:\/\/www.associationdemarie.org\/blog\/wp-content\/uploads\/2025\/03\/24-03-300x200.jpg\" alt=\"\" width=\"476\" height=\"317\" srcset=\"https:\/\/www.associationdemarie.org\/blog\/wp-content\/uploads\/2025\/03\/24-03-300x200.jpg 300w, https:\/\/www.associationdemarie.org\/blog\/wp-content\/uploads\/2025\/03\/24-03-768x512.jpg 768w, https:\/\/www.associationdemarie.org\/blog\/wp-content\/uploads\/2025\/03\/24-03-1024x682.jpg 1024w, https:\/\/www.associationdemarie.org\/blog\/wp-content\/uploads\/2025\/03\/24-03.jpg 1400w\" sizes=\"auto, (max-width: 476px) 100vw, 476px\" \/><\/p>\n<p>Naaman \u00e9tait Syrien, il avait la l\u00e8pre et ne pouvait \u00eatre purifi\u00e9 par personne. Alors une jeune captive dit qu&rsquo;il y avait un proph\u00e8te en Isra\u00ebl qui pourrait le purifier du fl\u00e9au de la l\u00e8pre&#8230; Apprends maintenant qui est cette jeune fille d&rsquo;entre les captifs : la jeune assembl\u00e9e d&rsquo;entre les nations, c&rsquo;est-\u00e0-dire l&rsquo;\u00c9glise du Seigneur, humili\u00e9e auparavant par la captivit\u00e9 du p\u00e9ch\u00e9, alors qu&rsquo;elle ne poss\u00e9dait pas encore la libert\u00e9 de la gr\u00e2ce. C&rsquo;est \u00e0 son conseil que ce vain peuple des nations a \u00e9cout\u00e9 la parole des proph\u00e8tes dont il avait dout\u00e9 longtemps. Ensuite, d\u00e8s qu&rsquo;il a cru qu&rsquo;il fallait ob\u00e9ir, il a \u00e9t\u00e9 lav\u00e9 de toute l&rsquo;infection de ses m\u00e9faits. Naaman avait dout\u00e9 avant d&rsquo;\u00eatre gu\u00e9ri ; toi, tu es d\u00e9j\u00e0 gu\u00e9ri, c&rsquo;est pourquoi tu ne dois pas douter.<\/p>\n<p>C&rsquo;est pour cela qu&rsquo;on t&rsquo;a d\u00e9j\u00e0 dit de ne pas croire seulement ce que tu voyais en t&rsquo;approchant du baptist\u00e8re, de peur que tu ne dises : \u00ab C&rsquo;est l\u00e0 &lsquo;le grand myst\u00e8re que l&rsquo;\u0153il n&rsquo;a pas vu ni l&rsquo;oreille entendu et qui n&rsquo;est pas mont\u00e9 au c\u0153ur de l&rsquo;homme&rsquo; ? (1Co 2,9) Je vois de l&rsquo;eau, que je voyais tous les jours ; peuvent-elles me purifier, ces eaux dans lesquelles je suis souvent descendu sans \u00eatre jamais purifi\u00e9 ? \u00bb Apprends par l\u00e0 que l&rsquo;eau ne purifie pas sans l&rsquo;Esprit. C&rsquo;est pour cela que tu as lu que \u00ab trois t\u00e9moins au bapt\u00eame ne font qu&rsquo;un : l&rsquo;eau, le sang et l&rsquo;Esprit \u00bb (1Jn 5,7-8). Car si tu en retires un, il n&rsquo;y a plus de sacrement du bapt\u00eame. En effet, qu&rsquo;est-ce que l&rsquo;eau sans la croix du Christ ? Un \u00e9l\u00e9ment ordinaire sans aucun effet sacramentel. Et de m\u00eame, sans eau il n&rsquo;y a pas de myst\u00e8re de la r\u00e9g\u00e9n\u00e9ration. \u00ab \u00c0 moins d&rsquo;\u00eatre n\u00e9 de nouveau de l&rsquo;eau et de l&rsquo;Esprit, on ne peut pas entrer dans le royaume de Dieu \u00bb (Jn 3,5). Le cat\u00e9chum\u00e8ne croit en la croix du Seigneur J\u00e9sus dont il est marqu\u00e9 ; mais s&rsquo;il n&rsquo;a pas \u00e9t\u00e9 baptis\u00e9 au nom du P\u00e8re et du Fils et du Saint Esprit, il ne peut pas recevoir la r\u00e9mission de ses p\u00e9ch\u00e9s ni puiser le don de la gr\u00e2ce spirituelle.<\/p>\n<p>Donc ce Syrien s&rsquo;est plong\u00e9 sept fois dans la Loi ; toi, tu as \u00e9t\u00e9 baptis\u00e9 au nom de la Trinit\u00e9. Tu as confess\u00e9 le P\u00e8re&#8230;, tu as confess\u00e9 le Fils, tu as confess\u00e9 l&rsquo;Esprit Saint&#8230; Tu es mort au monde et ressuscit\u00e9 pour Dieu et, en quelque sorte, enseveli en m\u00eame temps dans cet \u00e9l\u00e9ment du monde ; mort au p\u00e9ch\u00e9, tu es ressuscit\u00e9 pour la vie \u00e9ternelle (Rm 6,4).<\/p>\n<h3 class=\"GospelCommentaryAuthor-name commentary-author font-2\">Saint Ambroise (v. 340-397)<\/h3>\n<p>&nbsp;<\/p>\n<p>&nbsp;<\/p>\n<p>&nbsp;<\/p>\n","protected":false},"excerpt":{"rendered":"<p>Naaman \u00e9tait Syrien, il avait la l\u00e8pre et ne pouvait \u00eatre purifi\u00e9 par personne. Alors une jeune captive dit qu&rsquo;il y avait un proph\u00e8te en Isra\u00ebl qui pourrait le purifier du fl\u00e9au de la l\u00e8pre&#8230; Apprends maintenant qui est cette jeune fille d&rsquo;entre les captifs : la jeune assembl\u00e9e d&rsquo;entre les nations, c&rsquo;est-\u00e0-dire l&rsquo;\u00c9glise du [&hellip;]<\/p>\n","protected":false},"author":2,"featured_media":0,"comment_status":"closed","ping_status":"closed","sticky":false,"template":"","format":"standard","meta":{"footnotes":""},"categories":[13,1261],"tags":[131,184,1483,1007],"class_list":["post-25365","post","type-post","status-publish","format-standard","hentry","category-ecritures","category-enseignement-2","tag-bapteme","tag-careme","tag-naaman","tag-st-ambroise"],"_links":{"self":[{"href":"https:\/\/www.associationdemarie.org\/blog\/wp-json\/wp\/v2\/posts\/25365","targetHints":{"allow":["GET"]}}],"collection":[{"href":"https:\/\/www.associationdemarie.org\/blog\/wp-json\/wp\/v2\/posts"}],"about":[{"href":"https:\/\/www.associationdemarie.org\/blog\/wp-json\/wp\/v2\/types\/post"}],"author":[{"embeddable":true,"href":"https:\/\/www.associationdemarie.org\/blog\/wp-json\/wp\/v2\/users\/2"}],"replies":[{"embeddable":true,"href":"https:\/\/www.associationdemarie.org\/blog\/wp-json\/wp\/v2\/comments?post=25365"}],"version-history":[{"count":1,"href":"https:\/\/www.associationdemarie.org\/blog\/wp-json\/wp\/v2\/posts\/25365\/revisions"}],"predecessor-version":[{"id":25367,"href":"https:\/\/www.associationdemarie.org\/blog\/wp-json\/wp\/v2\/posts\/25365\/revisions\/25367"}],"wp:attachment":[{"href":"https:\/\/www.associationdemarie.org\/blog\/wp-json\/wp\/v2\/media?parent=25365"}],"wp:term":[{"taxonomy":"category","embeddable":true,"href":"https:\/\/www.associationdemarie.org\/blog\/wp-json\/wp\/v2\/categories?post=25365"},{"taxonomy":"post_tag","embeddable":true,"href":"https:\/\/www.associationdemarie.org\/blog\/wp-json\/wp\/v2\/tags?post=25365"}],"curies":[{"name":"wp","href":"https:\/\/api.w.org\/{rel}","templated":true}]}}