{"id":25352,"date":"2025-03-20T01:36:52","date_gmt":"2025-03-20T00:36:52","guid":{"rendered":"http:\/\/www.associationdemarie.org\/blog\/?p=25352"},"modified":"2025-03-06T07:38:26","modified_gmt":"2025-03-06T06:38:26","slug":"evitons-de-ressembler-au-mauvais-riche","status":"publish","type":"post","link":"https:\/\/www.associationdemarie.org\/blog\/evitons-de-ressembler-au-mauvais-riche\/","title":{"rendered":"\u00c9vitons de ressembler au \u00ab mauvais riche \u00bb !"},"content":{"rendered":"<p><img loading=\"lazy\" decoding=\"async\" class=\"size-medium wp-image-25353 alignleft\" src=\"https:\/\/www.associationdemarie.org\/blog\/wp-content\/uploads\/2025\/03\/20-03-300x234.jpg\" alt=\"\" width=\"300\" height=\"234\" srcset=\"https:\/\/www.associationdemarie.org\/blog\/wp-content\/uploads\/2025\/03\/20-03-300x234.jpg 300w, https:\/\/www.associationdemarie.org\/blog\/wp-content\/uploads\/2025\/03\/20-03.jpg 758w\" sizes=\"auto, (max-width: 300px) 100vw, 300px\" \/><\/p>\n<p>Prends garde, fr\u00e8re, que le destin du \u00ab mauvais riche \u00bb ne sois le tien. Si ton histoire a \u00e9t\u00e9 \u00e9crite, c\u2019est bien pour que nous \u00e9vitions de lui ressembler. Homme, imite donc la terre : comme elle, porte du fruit ; ne te montre pas moins bon qu\u2019elle qui n\u2019a pas d\u2019\u00e2me. Ce n\u2019est pas pour en jouir elle-m\u00eame que la terre nourrit ses fruits, c\u2019est pour ton service. Mais toi, tu as cet avantage que les b\u00e9n\u00e9fices de ta bienveillance reviennent finalement \u00e0 toi-m\u00eame ; car c\u2019est aux bienfaiteurs que revient toujours la r\u00e9compense du bien qu\u2019ils ont fait. (\u2026)<\/p>\n<p>Pourquoi donc te tourmenter \u00e0 ce point et faire tant d\u2019efforts pour mettre ta richesse \u00e0 l\u2019abri derri\u00e8re le mortier et les briques ? (\u2026) Que tu le veuilles ou non, tu devras bien un jour laisser l\u00e0 ton argent ; au contraire, la gloire de tout le bien que tu auras fait, tu l\u2019emporteras avec toi jusque devant le souverain Ma\u00eetre, quand tout un peuple, se pressant pour te d\u00e9fendre aupr\u00e8s du Juge commun, t\u2019appellera des noms qui diront que tu l\u2019as nourri, que tu l\u2019as assist\u00e9, que tu as \u00e9t\u00e9 bon. (\u2026)<\/p>\n<p>Combien tu devrais \u00eatre reconnaissant, heureux et fier de l\u2019honneur qui t\u2019es fait : ce n\u2019est pas toi qui dois aller importuner les autres \u00e0 leur porte, ce sont les autres qui se pressent \u00e0 la tienne. Mais \u00e0 ce moment tu t\u2019assombris, tu deviens inabordable, tu fuis les rencontres de peur de devoir l\u00e2cher un peu de ce que tu gardes si jalousement. Et tu ne connais qu\u2019un seul mot : \u00ab Je n\u2019ai rien, je ne vous donnerai rien, car je suis pauvre. \u00bb Pauvre, tu l\u2019es en r\u00e9alit\u00e9, et pauvre de tout bien : pauvre d\u2019amour, pauvre de bont\u00e9, pauvre de confiance en Dieu, pauvre d\u2019esp\u00e9rance \u00e9ternelle.<\/p>\n<h3 class=\"GospelCommentaryAuthor-name commentary-author font-2\">Saint Basile (v. 330-379)<\/h3>\n<p>&nbsp;<\/p>\n<p>&nbsp;<\/p>\n<p>&nbsp;<\/p>\n","protected":false},"excerpt":{"rendered":"<p>Prends garde, fr\u00e8re, que le destin du \u00ab mauvais riche \u00bb ne sois le tien. Si ton histoire a \u00e9t\u00e9 \u00e9crite, c\u2019est bien pour que nous \u00e9vitions de lui ressembler. Homme, imite donc la terre : comme elle, porte du fruit ; ne te montre pas moins bon qu\u2019elle qui n\u2019a pas d\u2019\u00e2me. Ce n\u2019est [&hellip;]<\/p>\n","protected":false},"author":2,"featured_media":0,"comment_status":"closed","ping_status":"closed","sticky":false,"template":"","format":"standard","meta":{"footnotes":""},"categories":[13,1261],"tags":[184,894,1289],"class_list":["post-25352","post","type-post","status-publish","format-standard","hentry","category-ecritures","category-enseignement-2","tag-careme","tag-richesses","tag-st-basile"],"_links":{"self":[{"href":"https:\/\/www.associationdemarie.org\/blog\/wp-json\/wp\/v2\/posts\/25352","targetHints":{"allow":["GET"]}}],"collection":[{"href":"https:\/\/www.associationdemarie.org\/blog\/wp-json\/wp\/v2\/posts"}],"about":[{"href":"https:\/\/www.associationdemarie.org\/blog\/wp-json\/wp\/v2\/types\/post"}],"author":[{"embeddable":true,"href":"https:\/\/www.associationdemarie.org\/blog\/wp-json\/wp\/v2\/users\/2"}],"replies":[{"embeddable":true,"href":"https:\/\/www.associationdemarie.org\/blog\/wp-json\/wp\/v2\/comments?post=25352"}],"version-history":[{"count":1,"href":"https:\/\/www.associationdemarie.org\/blog\/wp-json\/wp\/v2\/posts\/25352\/revisions"}],"predecessor-version":[{"id":25354,"href":"https:\/\/www.associationdemarie.org\/blog\/wp-json\/wp\/v2\/posts\/25352\/revisions\/25354"}],"wp:attachment":[{"href":"https:\/\/www.associationdemarie.org\/blog\/wp-json\/wp\/v2\/media?parent=25352"}],"wp:term":[{"taxonomy":"category","embeddable":true,"href":"https:\/\/www.associationdemarie.org\/blog\/wp-json\/wp\/v2\/categories?post=25352"},{"taxonomy":"post_tag","embeddable":true,"href":"https:\/\/www.associationdemarie.org\/blog\/wp-json\/wp\/v2\/tags?post=25352"}],"curies":[{"name":"wp","href":"https:\/\/api.w.org\/{rel}","templated":true}]}}