{"id":25349,"date":"2025-03-19T01:25:35","date_gmt":"2025-03-19T00:25:35","guid":{"rendered":"http:\/\/www.associationdemarie.org\/blog\/?p=25349"},"modified":"2025-03-05T08:27:23","modified_gmt":"2025-03-05T07:27:23","slug":"solennite-de-saint-joseph-epoux-de-la-vierge-marie-patron-de-leglise-universelle-10","status":"publish","type":"post","link":"https:\/\/www.associationdemarie.org\/blog\/solennite-de-saint-joseph-epoux-de-la-vierge-marie-patron-de-leglise-universelle-10\/","title":{"rendered":"Solennit\u00e9 de saint Joseph, \u00e9poux de la Vierge Marie, patron de l&rsquo;\u00c9glise universelle"},"content":{"rendered":"<p><img loading=\"lazy\" decoding=\"async\" class=\"aligncenter  wp-image-25350\" src=\"https:\/\/www.associationdemarie.org\/blog\/wp-content\/uploads\/2025\/03\/19-03-300x212.png\" alt=\"\" width=\"468\" height=\"331\" srcset=\"https:\/\/www.associationdemarie.org\/blog\/wp-content\/uploads\/2025\/03\/19-03-300x212.png 300w, https:\/\/www.associationdemarie.org\/blog\/wp-content\/uploads\/2025\/03\/19-03.png 512w\" sizes=\"auto, (max-width: 468px) 100vw, 468px\" \/><\/p>\n<p>En s&rsquo;adressant \u00e0 Joseph par les paroles de l&rsquo;ange, Dieu s&rsquo;adresse \u00e0 lui comme \u00e0 l&rsquo;\u00e9poux de la Vierge de Nazareth. Ce qui s&rsquo;est accompli en elle par le fait de l&rsquo;Esprit Saint exprime en m\u00eame temps une particuli\u00e8re confirmation du lien sponsal qui pr\u00e9existait d\u00e9j\u00e0 entre Joseph et Marie. Le messager dit clairement \u00e0 Joseph : \u00ab Ne crains pas de prendre chez toi Marie, ton \u00e9pouse. \u00bb Ainsi, ce qui \u00e9tait advenu auparavant \u2014 son mariage avec Marie \u2014 s&rsquo;\u00e9tait fait par la volont\u00e9 de Dieu et devait donc \u00eatre conserv\u00e9. Dans sa maternit\u00e9 divine, Marie doit continuer \u00e0 vivre comme \u00ab une vierge, \u00e9pouse d&rsquo;un mari \u00bb (Lc 1,27).<\/p>\n<p>Dans les paroles de l&rsquo; \u00ab annonciation \u00bb nocturne, non seulement Joseph entend la v\u00e9rit\u00e9 divine sur la vocation ineffable de son \u00e9pouse, mais il y r\u00e9entend aussi la v\u00e9rit\u00e9 sur sa propre vocation. Cet homme \u00ab juste \u00bb, qui, dans l&rsquo;esprit des plus nobles traditions du peuple \u00e9lu, aimait la Vierge de Nazareth et s&rsquo;\u00e9tait li\u00e9 \u00e0 elle d&rsquo;un amour sponsal, est \u00e0 nouveau appel\u00e9 par Dieu \u00e0 cet amour.<\/p>\n<p>\u00ab Joseph fit ce que l&rsquo;Ange du Seigneur lui avait prescrit : il prit chez lui son \u00e9pouse \u00bb ; \u00ab ce qui est engendr\u00e9 en elle vient de l&rsquo;Esprit Saint \u00bb : ne faut-il pas conclure, devant ces expressions, que son amour d&rsquo;homme est lui aussi r\u00e9g\u00e9n\u00e9r\u00e9 par l&rsquo;Esprit Saint ? Ne faut-il pas penser que l&rsquo;amour de Dieu, qui a \u00e9t\u00e9 r\u00e9pandu dans le c\u0153ur de l&rsquo;homme par le Saint-Esprit (Rm 5,5), fa\u00e7onne de la mani\u00e8re la plus parfaite tout amour humain ? Il fa\u00e7onne aussi \u2014 et d&rsquo;une fa\u00e7on tout \u00e0 fait singuli\u00e8re \u2014 l&rsquo;amour sponsal des \u00e9poux, et il approfondit en lui tout ce qui est humainement digne et beau, ce qui porte les signes de l&rsquo;abandon exclusif de soi, de l&rsquo;alliance des personnes et de la communion authentique du Myst\u00e8re trinitaire.<\/p>\n<h3 class=\"GospelCommentaryAuthor-name commentary-author font-2\">Saint Jean-Paul II (1920-2005)<\/h3>\n<p>&nbsp;<\/p>\n<p>&nbsp;<\/p>\n<p>&nbsp;<\/p>\n<p>&nbsp;<\/p>\n","protected":false},"excerpt":{"rendered":"<p>En s&rsquo;adressant \u00e0 Joseph par les paroles de l&rsquo;ange, Dieu s&rsquo;adresse \u00e0 lui comme \u00e0 l&rsquo;\u00e9poux de la Vierge de Nazareth. Ce qui s&rsquo;est accompli en elle par le fait de l&rsquo;Esprit Saint exprime en m\u00eame temps une particuli\u00e8re confirmation du lien sponsal qui pr\u00e9existait d\u00e9j\u00e0 entre Joseph et Marie. Le messager dit clairement \u00e0 [&hellip;]<\/p>\n","protected":false},"author":2,"featured_media":0,"comment_status":"closed","ping_status":"closed","sticky":false,"template":"","format":"standard","meta":{"footnotes":""},"categories":[28],"tags":[337,1253,1049],"class_list":["post-25349","post","type-post","status-publish","format-standard","hentry","category-saints-et-saintes","tag-eglise-universelle","tag-st-jean-paul-2","tag-st-joseph"],"_links":{"self":[{"href":"https:\/\/www.associationdemarie.org\/blog\/wp-json\/wp\/v2\/posts\/25349","targetHints":{"allow":["GET"]}}],"collection":[{"href":"https:\/\/www.associationdemarie.org\/blog\/wp-json\/wp\/v2\/posts"}],"about":[{"href":"https:\/\/www.associationdemarie.org\/blog\/wp-json\/wp\/v2\/types\/post"}],"author":[{"embeddable":true,"href":"https:\/\/www.associationdemarie.org\/blog\/wp-json\/wp\/v2\/users\/2"}],"replies":[{"embeddable":true,"href":"https:\/\/www.associationdemarie.org\/blog\/wp-json\/wp\/v2\/comments?post=25349"}],"version-history":[{"count":1,"href":"https:\/\/www.associationdemarie.org\/blog\/wp-json\/wp\/v2\/posts\/25349\/revisions"}],"predecessor-version":[{"id":25351,"href":"https:\/\/www.associationdemarie.org\/blog\/wp-json\/wp\/v2\/posts\/25349\/revisions\/25351"}],"wp:attachment":[{"href":"https:\/\/www.associationdemarie.org\/blog\/wp-json\/wp\/v2\/media?parent=25349"}],"wp:term":[{"taxonomy":"category","embeddable":true,"href":"https:\/\/www.associationdemarie.org\/blog\/wp-json\/wp\/v2\/categories?post=25349"},{"taxonomy":"post_tag","embeddable":true,"href":"https:\/\/www.associationdemarie.org\/blog\/wp-json\/wp\/v2\/tags?post=25349"}],"curies":[{"name":"wp","href":"https:\/\/api.w.org\/{rel}","templated":true}]}}