{"id":25317,"date":"2025-03-11T01:06:04","date_gmt":"2025-03-11T00:06:04","guid":{"rendered":"http:\/\/www.associationdemarie.org\/blog\/?p=25317"},"modified":"2025-02-25T07:07:49","modified_gmt":"2025-02-25T06:07:49","slug":"que-votre-volonte-soit-faite-sur-la-terre-comme-au-ciel","status":"publish","type":"post","link":"https:\/\/www.associationdemarie.org\/blog\/que-votre-volonte-soit-faite-sur-la-terre-comme-au-ciel\/","title":{"rendered":"\u00ab Que votre volont\u00e9 soit faite sur la terre comme au ciel ! \u00bb"},"content":{"rendered":"<p><img loading=\"lazy\" decoding=\"async\" class=\"aligncenter  wp-image-25318\" src=\"https:\/\/www.associationdemarie.org\/blog\/wp-content\/uploads\/2025\/02\/11-03-291x300.png\" alt=\"\" width=\"468\" height=\"482\" srcset=\"https:\/\/www.associationdemarie.org\/blog\/wp-content\/uploads\/2025\/02\/11-03-291x300.png 291w, https:\/\/www.associationdemarie.org\/blog\/wp-content\/uploads\/2025\/02\/11-03.png 496w\" sizes=\"auto, (max-width: 468px) 100vw, 468px\" \/><\/p>\n<p>La troisi\u00e8me demande des fils [dans la pri\u00e8re du \u201cNotre P\u00e8re\u201d] est celle-ci : \u00ab Que votre volont\u00e9 soit faite sur la terre comme au ciel ! \u00bb Souhaiter que la terre m\u00e9rite d\u2019\u00eatre \u00e9gal\u00e9e au ciel : on ne saurait porter plus haut sa pri\u00e8re. De dire, en effet : \u00ab Que votre volont\u00e9 soit faite sur la terre comme au ciel \u00bb, n\u2019est-ce point autant que si l\u2019on demandait que les hommes soient semblables aux anges, et que, comme ces esprits bienheureux font au ciel la volont\u00e9 divine, ainsi les hommes l\u2019accomplissent tous sur la terre, et non point la leur ?<\/p>\n<p>Et voil\u00e0 encore une pri\u00e8re que celui-l\u00e0 seul pourra faire du fond du c\u0153ur qui croit que Dieu dispose toutes choses en ce monde pour notre avantage, joies et infortunes, et qu\u2019il veille avec plus de sollicitude au salut et aux int\u00e9r\u00eats de ceux qui sont \u00e0 lui, que nous n\u2019en avons pour nous-m\u00eames.<\/p>\n<p>On peut entendre aussi cette demande en ce sens que la volont\u00e9 de Dieu est que tous soient sauv\u00e9s, selon la parole bien connue de Saint Paul : \u00ab Dieu veut que tous les hommes soient sauv\u00e9s et qu\u2019ils viennent \u00e0 la connaissance de la v\u00e9rit\u00e9. \u00bb (1Tm 2,4) Le proph\u00e8te Isa\u00efe parle de cette m\u00eame divine volont\u00e9, lorsqu\u2019il dit, parlant au nom de Dieu le P\u00e8re : \u00ab Ma volont\u00e9 se fera toute enti\u00e8re. \u00bb (Is 46,10) Lorsque nous disons : \u00ab Que votre volont\u00e9 soit faite sur la terre comme au ciel \u00bb, c\u2019est faire, en d\u2019autres termes, cette pri\u00e8re : Comme ceux qui sont dans le ciel, que tous ceux qui sont sur la terre, \u00f4 P\u00e8re, soient sauv\u00e9s par la connaissance de votre nom !<\/p>\n<h3 class=\"GospelCommentaryAuthor-name commentary-author font-2\">Saint Jean Cassien (v. 360-435)<\/h3>\n<p>&nbsp;<\/p>\n<p>&nbsp;<\/p>\n<p>&nbsp;<\/p>\n","protected":false},"excerpt":{"rendered":"<p>La troisi\u00e8me demande des fils [dans la pri\u00e8re du \u201cNotre P\u00e8re\u201d] est celle-ci : \u00ab Que votre volont\u00e9 soit faite sur la terre comme au ciel ! \u00bb Souhaiter que la terre m\u00e9rite d\u2019\u00eatre \u00e9gal\u00e9e au ciel : on ne saurait porter plus haut sa pri\u00e8re. De dire, en effet : \u00ab Que votre volont\u00e9 [&hellip;]<\/p>\n","protected":false},"author":2,"featured_media":0,"comment_status":"closed","ping_status":"closed","sticky":false,"template":"","format":"standard","meta":{"footnotes":""},"categories":[26,27],"tags":[719,1303],"class_list":["post-25317","post","type-post","status-publish","format-standard","hentry","category-priere-des-ames","category-prieres","tag-notre-pere","tag-st-jean-cassien"],"_links":{"self":[{"href":"https:\/\/www.associationdemarie.org\/blog\/wp-json\/wp\/v2\/posts\/25317","targetHints":{"allow":["GET"]}}],"collection":[{"href":"https:\/\/www.associationdemarie.org\/blog\/wp-json\/wp\/v2\/posts"}],"about":[{"href":"https:\/\/www.associationdemarie.org\/blog\/wp-json\/wp\/v2\/types\/post"}],"author":[{"embeddable":true,"href":"https:\/\/www.associationdemarie.org\/blog\/wp-json\/wp\/v2\/users\/2"}],"replies":[{"embeddable":true,"href":"https:\/\/www.associationdemarie.org\/blog\/wp-json\/wp\/v2\/comments?post=25317"}],"version-history":[{"count":1,"href":"https:\/\/www.associationdemarie.org\/blog\/wp-json\/wp\/v2\/posts\/25317\/revisions"}],"predecessor-version":[{"id":25319,"href":"https:\/\/www.associationdemarie.org\/blog\/wp-json\/wp\/v2\/posts\/25317\/revisions\/25319"}],"wp:attachment":[{"href":"https:\/\/www.associationdemarie.org\/blog\/wp-json\/wp\/v2\/media?parent=25317"}],"wp:term":[{"taxonomy":"category","embeddable":true,"href":"https:\/\/www.associationdemarie.org\/blog\/wp-json\/wp\/v2\/categories?post=25317"},{"taxonomy":"post_tag","embeddable":true,"href":"https:\/\/www.associationdemarie.org\/blog\/wp-json\/wp\/v2\/tags?post=25317"}],"curies":[{"name":"wp","href":"https:\/\/api.w.org\/{rel}","templated":true}]}}