{"id":25250,"date":"2025-02-18T01:02:52","date_gmt":"2025-02-18T00:02:52","guid":{"rendered":"http:\/\/www.associationdemarie.org\/blog\/?p=25250"},"modified":"2025-02-04T09:04:17","modified_gmt":"2025-02-04T08:04:17","slug":"vous-ne-voyez-pas-vous-ne-comprenez-pas-encore-4","status":"publish","type":"post","link":"https:\/\/www.associationdemarie.org\/blog\/vous-ne-voyez-pas-vous-ne-comprenez-pas-encore-4\/","title":{"rendered":"\u00ab Vous ne voyez pas ? Vous ne comprenez pas encore ? \u00bb"},"content":{"rendered":"<p><img loading=\"lazy\" decoding=\"async\" class=\"aligncenter  wp-image-25251\" src=\"https:\/\/www.associationdemarie.org\/blog\/wp-content\/uploads\/2025\/02\/18-02.jpeg\" alt=\"\" width=\"436\" height=\"349\" \/><\/p>\n<p>La foi, disent les th\u00e9ologiens, est une habitude de l&rsquo;\u00e2me, certaine et obscure \u00e0 la fois. Elle est obscure parce qu&rsquo;elle nous propose des v\u00e9rit\u00e9s r\u00e9v\u00e9l\u00e9es de Dieu m\u00eame, qui surpassent toute lumi\u00e8re naturelle, qui exc\u00e8dent&#8230; toute compr\u00e9hension humaine quelle qu&rsquo;elle soit. De l\u00e0 vient que cette lumi\u00e8re excessive fournie par la foi devient pour l&rsquo;\u00e2me de profondes t\u00e9n\u00e8bres. Une force sup\u00e9rieure, on le sait, surmonte et fait d\u00e9faillir une force moindre. Ainsi le soleil \u00e9clipse toutes les autres lumi\u00e8res, au point que lorsque celui-l\u00e0 resplendit, celles-ci ne semblent plus, \u00e0 proprement parler, des lumi\u00e8res. En outre, son \u00e9clat d\u00e9passe totalement notre puissance visuelle quand il est dans sa force, en sorte qu&rsquo;au lieu de la faire voir, il l&rsquo;aveugle, parce qu&rsquo;il est excessif et hors de proportion avec notre vue. De m\u00eame la lumi\u00e8re de la foi, par son exc\u00e8s prodigieux, accable et fait d\u00e9faillir la lumi\u00e8re de notre intelligence&#8230;<\/p>\n<p>Je prends un autre exemple&#8230; : supposez une personne n\u00e9e aveugle, et qui par cons\u00e9quent n&rsquo;a jamais vu les couleurs. Si vous cherchez \u00e0 lui faire comprendre ce que c&rsquo;est que le blanc et le jaune, vous aurez beau accumuler les explications, elle n&rsquo;en retirera aucune connaissance directe, parce qu&rsquo;elle n&rsquo;a jamais vu ces couleurs&#8230; ; il ne lui en restera dans l&rsquo;esprit que le nom, qu&rsquo;elle a re\u00e7u par l&rsquo;ou\u00efe&#8230; Il en est de m\u00eame de la foi \u00e0 l&rsquo;\u00e9gard de l&rsquo;\u00e2me. Elle nous dit des choses que nous n&rsquo;avons jamais vues ni connues&#8230; ; nous n&rsquo;avons \u00e0 leur \u00e9gard aucun rayon de connaissance naturelle&#8230; Mais nous les savons par l&rsquo;ou\u00efe, en croyant ce qui nous est enseign\u00e9&#8230;, en aveuglant en nous la lumi\u00e8re naturelle. En effet, comme dit saint Paul : \u00ab La foi na\u00eet de ce qu&rsquo;on entend \u00bb (Rm 10,17). Comme s&rsquo;il disait : La foi n&rsquo;est pas une science qui entre en nous par les sens, c&rsquo;est un assentiment de l&rsquo;\u00e2me \u00e0 ce qui entre par l&rsquo;ou\u00efe&#8230; Il est donc \u00e9vident que la foi est pour l&rsquo;\u00e2me une nuit profonde ; mais c&rsquo;est par son obscurit\u00e9 m\u00eame qu&rsquo;elle l&rsquo;\u00e9claire et plus elle la plonge dans les t\u00e9n\u00e8bres, plus elle l&rsquo;illumine de ses rayons. En effet, c&rsquo;est en aveuglant qu&rsquo;elle \u00e9claire, selon la parole d&rsquo;Isa\u00efe : \u00ab Si vous ne croyez pas, vous ne comprendrez pas \u00bb (cf 7,9).<\/p>\n<h3 class=\"GospelCommentaryAuthor-name commentary-author font-2\">Saint Jean de la Croix (1542-1591)<\/h3>\n<p>&nbsp;<\/p>\n<p>&nbsp;<\/p>\n<p>&nbsp;<\/p>\n","protected":false},"excerpt":{"rendered":"<p>La foi, disent les th\u00e9ologiens, est une habitude de l&rsquo;\u00e2me, certaine et obscure \u00e0 la fois. Elle est obscure parce qu&rsquo;elle nous propose des v\u00e9rit\u00e9s r\u00e9v\u00e9l\u00e9es de Dieu m\u00eame, qui surpassent toute lumi\u00e8re naturelle, qui exc\u00e8dent&#8230; toute compr\u00e9hension humaine quelle qu&rsquo;elle soit. De l\u00e0 vient que cette lumi\u00e8re excessive fournie par la foi devient pour [&hellip;]<\/p>\n","protected":false},"author":2,"featured_media":0,"comment_status":"closed","ping_status":"closed","sticky":false,"template":"","format":"standard","meta":{"footnotes":""},"categories":[13,1261],"tags":[425,1244],"class_list":["post-25250","post","type-post","status-publish","format-standard","hentry","category-ecritures","category-enseignement-2","tag-foi","tag-st-jean-de-la-croix"],"_links":{"self":[{"href":"https:\/\/www.associationdemarie.org\/blog\/wp-json\/wp\/v2\/posts\/25250","targetHints":{"allow":["GET"]}}],"collection":[{"href":"https:\/\/www.associationdemarie.org\/blog\/wp-json\/wp\/v2\/posts"}],"about":[{"href":"https:\/\/www.associationdemarie.org\/blog\/wp-json\/wp\/v2\/types\/post"}],"author":[{"embeddable":true,"href":"https:\/\/www.associationdemarie.org\/blog\/wp-json\/wp\/v2\/users\/2"}],"replies":[{"embeddable":true,"href":"https:\/\/www.associationdemarie.org\/blog\/wp-json\/wp\/v2\/comments?post=25250"}],"version-history":[{"count":1,"href":"https:\/\/www.associationdemarie.org\/blog\/wp-json\/wp\/v2\/posts\/25250\/revisions"}],"predecessor-version":[{"id":25252,"href":"https:\/\/www.associationdemarie.org\/blog\/wp-json\/wp\/v2\/posts\/25250\/revisions\/25252"}],"wp:attachment":[{"href":"https:\/\/www.associationdemarie.org\/blog\/wp-json\/wp\/v2\/media?parent=25250"}],"wp:term":[{"taxonomy":"category","embeddable":true,"href":"https:\/\/www.associationdemarie.org\/blog\/wp-json\/wp\/v2\/categories?post=25250"},{"taxonomy":"post_tag","embeddable":true,"href":"https:\/\/www.associationdemarie.org\/blog\/wp-json\/wp\/v2\/tags?post=25250"}],"curies":[{"name":"wp","href":"https:\/\/api.w.org\/{rel}","templated":true}]}}