{"id":2521,"date":"2011-03-03T01:19:03","date_gmt":"2011-03-03T01:19:03","guid":{"rendered":"http:\/\/preprod.meltem-int.com\/marie\/blog\/?p=2521"},"modified":"2011-03-03T01:19:03","modified_gmt":"2011-03-03T01:19:03","slug":"vision","status":"publish","type":"post","link":"https:\/\/www.associationdemarie.org\/blog\/vision\/","title":{"rendered":"Vision"},"content":{"rendered":"<p><a href=\"https:\/\/www.associationdemarie.org\/blog\/wp-content\/uploads\/2011\/02\/Marie-Serpent.jpg\"><img loading=\"lazy\" decoding=\"async\" class=\"aligncenter size-medium wp-image-2522\" title=\"Marie-Serpent\" src=\"https:\/\/www.associationdemarie.org\/blog\/wp-content\/uploads\/2011\/02\/Marie-Serpent-300x209.jpg\" alt=\"\" width=\"300\" height=\"209\" srcset=\"https:\/\/www.associationdemarie.org\/blog\/wp-content\/uploads\/2011\/02\/Marie-Serpent-300x209.jpg 300w, https:\/\/www.associationdemarie.org\/blog\/wp-content\/uploads\/2011\/02\/Marie-Serpent.jpg 777w\" sizes=\"auto, (max-width: 300px) 100vw, 300px\" \/><\/a><\/p>\n<p><em>Au travers de ma pens\u00e9e, je demande : \u00ab Ma M\u00e8re, o\u00f9 est le serpent\u00a0?\u00a0\u00bb et la r\u00e9ponse fut : \u00ab Mon fils, je viens en ces temps lui couper la t\u00eate, et son venin se r\u00e9pand dans les entrailles des t\u00e9n\u00e8bres (en m\u00eame temps ma M\u00e8re me montre tombant dans un ab\u00eeme sombre une t\u00eate de serpent grande ouverte dont deux crocs jaillissent laissant para\u00eetre des gouttes d\u2019un liquide naus\u00e9abond et de couleur sombre, le sang coulant de cette s\u00e9paration de la t\u00eate et du corps est rouge noir).\u00a0<em>\u00bb<\/em><\/em><\/p>\n<p><em>Et ma M\u00e8re de poursuivre\u00a0:<\/em><\/p>\n<p><em> \u00ab Cet acte est l\u2019ouverture de la Nouvelle J\u00e9rusalem et mon Fils vient chasser les marchands du Temple, soyez heureux et que la pri\u00e8re s\u2019anime en vos c\u0153urs et soit chant\u00e9e en vos bouches. Mon fils, je reviendrai pour une autre vue des temps \u00e0 venir, fais-en conna\u00eetre, \u00e0 ceux qui veulent voir, la symbolique de cet \u00e9v\u00e8nement.\u00a0<em>\u00bb<\/em><\/em><\/p>\n<p><strong> <\/strong><\/p>\n<p>Extrait de la vision du 16 janvier 2011. Celle-ci fut donn\u00e9e \u00e0 M. Roger Emanuel \u00e0 plusieurs reprises et identiques en tout point, aux alentours de 23 heures.<\/p>\n<p><span style=\"color: #ffffff;\">.<\/span><\/p>\n","protected":false},"excerpt":{"rendered":"<p>Au travers de ma pens\u00e9e, je demande : \u00ab Ma M\u00e8re, o\u00f9 est le serpent\u00a0?\u00a0\u00bb et la r\u00e9ponse fut : \u00ab Mon fils, je viens en ces temps lui couper la t\u00eate, et son venin se r\u00e9pand dans les entrailles des t\u00e9n\u00e8bres (en m\u00eame temps ma M\u00e8re me montre tombant dans un ab\u00eeme sombre une [&hellip;]<\/p>\n","protected":false},"author":2,"featured_media":0,"comment_status":"closed","ping_status":"closed","sticky":false,"template":"","format":"standard","meta":{"footnotes":""},"categories":[3,5,12,16,18,19],"tags":[413,516,535,630,636,709,725,899,974,1132,1194],"class_list":["post-2521","post","type-post","status-publish","format-standard","hentry","category-liturgique","category-bulletin","category-crise","category-jardins-de-la-bible","category-messager","category-messages","tag-fils","tag-jardin","tag-jesus","tag-marchands-du-temple","tag-marie","tag-nature","tag-nouvelle-jerusalem","tag-roger-emanuel","tag-serpent","tag-temps-a-venir","tag-vision"],"_links":{"self":[{"href":"https:\/\/www.associationdemarie.org\/blog\/wp-json\/wp\/v2\/posts\/2521","targetHints":{"allow":["GET"]}}],"collection":[{"href":"https:\/\/www.associationdemarie.org\/blog\/wp-json\/wp\/v2\/posts"}],"about":[{"href":"https:\/\/www.associationdemarie.org\/blog\/wp-json\/wp\/v2\/types\/post"}],"author":[{"embeddable":true,"href":"https:\/\/www.associationdemarie.org\/blog\/wp-json\/wp\/v2\/users\/2"}],"replies":[{"embeddable":true,"href":"https:\/\/www.associationdemarie.org\/blog\/wp-json\/wp\/v2\/comments?post=2521"}],"version-history":[{"count":0,"href":"https:\/\/www.associationdemarie.org\/blog\/wp-json\/wp\/v2\/posts\/2521\/revisions"}],"wp:attachment":[{"href":"https:\/\/www.associationdemarie.org\/blog\/wp-json\/wp\/v2\/media?parent=2521"}],"wp:term":[{"taxonomy":"category","embeddable":true,"href":"https:\/\/www.associationdemarie.org\/blog\/wp-json\/wp\/v2\/categories?post=2521"},{"taxonomy":"post_tag","embeddable":true,"href":"https:\/\/www.associationdemarie.org\/blog\/wp-json\/wp\/v2\/tags?post=2521"}],"curies":[{"name":"wp","href":"https:\/\/api.w.org\/{rel}","templated":true}]}}