{"id":25207,"date":"2025-02-04T01:05:32","date_gmt":"2025-02-04T00:05:32","guid":{"rendered":"http:\/\/www.associationdemarie.org\/blog\/?p=25207"},"modified":"2025-01-22T09:07:05","modified_gmt":"2025-01-22T08:07:05","slug":"je-te-le-dis-leve-toi-2","status":"publish","type":"post","link":"https:\/\/www.associationdemarie.org\/blog\/je-te-le-dis-leve-toi-2\/","title":{"rendered":"\u00ab Je te le dis, l\u00e8ve-toi. \u00bb"},"content":{"rendered":"<p><img loading=\"lazy\" decoding=\"async\" class=\"aligncenter  wp-image-25208\" src=\"https:\/\/www.associationdemarie.org\/blog\/wp-content\/uploads\/2025\/01\/4-02-218x300.jpg\" alt=\"\" width=\"398\" height=\"548\" srcset=\"https:\/\/www.associationdemarie.org\/blog\/wp-content\/uploads\/2025\/01\/4-02-218x300.jpg 218w, https:\/\/www.associationdemarie.org\/blog\/wp-content\/uploads\/2025\/01\/4-02.jpg 372w\" sizes=\"auto, (max-width: 398px) 100vw, 398px\" \/><\/p>\n<p>Avant de ressusciter une jeune fille morte, c&rsquo;est pour amener \u00e0 la foi que J\u00e9sus commence par gu\u00e9rir la femme atteinte de pertes de sang. C&rsquo;est pour t&rsquo;instruire qu&rsquo;il a fait arr\u00eater ce saignement et a gu\u00e9ri cette femme alors qu&rsquo;il se rendait aupr\u00e8s de la fille.<\/p>\n<p>De la m\u00eame fa\u00e7on, c&rsquo;est pour croire en notre r\u00e9surrection \u00e9ternelle que nous c\u00e9l\u00e9brons la r\u00e9surrection historique du Seigneur qui a suivi sa Passion. (&#8230;) \u00ab Les serviteurs du chef arrivent et disent : \u2018Ne d\u00e9range plus le ma\u00eetre\u2019 \u00bb : ils ne croient pas encore en la r\u00e9surrection de J\u00e9sus pr\u00e9dite dans la Loi et accomplie dans l&rsquo;\u00c9vangile. C&rsquo;est pourquoi, en arrivant \u00e0 la maison, J\u00e9sus ne prend avec lui que peu de t\u00e9moins de la r\u00e9surrection qui va se produire : ce n&rsquo;est pas le grand nombre qui a cru tout de suite \u00e0 la r\u00e9surrection. Quand J\u00e9sus d\u00e9clare : \u00ab L&rsquo;enfant n&rsquo;est pas morte, elle dort \u00bb, la foule \u00ab se moque de lui \u00bb, car ceux qui ne croient pas se moquent. Qu&rsquo;ils pleurent donc leurs morts, ceux qui les croient morts : quand on a la foi en la r\u00e9surrection, ce n&rsquo;est pas une fin que l&rsquo;on voit dans la mort mais un repos. (&#8230;)<\/p>\n<p>Prenant donc la main de l&rsquo;enfant, J\u00e9sus la gu\u00e9rit et il lui fait donner \u00e0 manger. C&rsquo;est l\u00e0 une attestation de la vie, afin qu&rsquo;on ne puisse pas croire \u00e0 une illusion mais \u00e0 la r\u00e9alit\u00e9. Heureuse celle dont la Sagesse tient ainsi la main ! Plaise \u00e0 Dieu qu&rsquo;elle tienne aussi mes actions, que la justice tienne ma main, que le Verbe, la Parole de Dieu, tienne ma main, et qu&rsquo;il me conduise dans le lieu cach\u00e9 o\u00f9 il demeure. Qu&rsquo;il d\u00e9tourne mon esprit de l&rsquo;erreur, qu&rsquo;il ram\u00e8ne celui qu&rsquo;il sauve, et qu&rsquo;il ordonne de me donner \u00e0 manger, car le Verbe de Dieu c&rsquo;est le pain du ciel (Jn 6,32). C&rsquo;est pourquoi cette Sagesse, qui a d\u00e9pos\u00e9 sur l&rsquo;autel saint les aliments divins de son Corps et de son Sang, d\u00e9clare : \u00ab Venez manger mon pain, venez boire le vin que je vous ai pr\u00e9par\u00e9 \u00bb (Pr 9,5).<\/p>\n<h3 class=\"GospelCommentaryAuthor-name commentary-author font-2\">Saint Ambroise (v. 340-397)<\/h3>\n<p>&nbsp;<\/p>\n<p>&nbsp;<\/p>\n<p>&nbsp;<\/p>\n","protected":false},"excerpt":{"rendered":"<p>Avant de ressusciter une jeune fille morte, c&rsquo;est pour amener \u00e0 la foi que J\u00e9sus commence par gu\u00e9rir la femme atteinte de pertes de sang. C&rsquo;est pour t&rsquo;instruire qu&rsquo;il a fait arr\u00eater ce saignement et a gu\u00e9ri cette femme alors qu&rsquo;il se rendait aupr\u00e8s de la fille. De la m\u00eame fa\u00e7on, c&rsquo;est pour croire en [&hellip;]<\/p>\n","protected":false},"author":2,"featured_media":0,"comment_status":"closed","ping_status":"closed","sticky":false,"template":"","format":"standard","meta":{"footnotes":""},"categories":[13,1261],"tags":[465,676,1007],"class_list":["post-25207","post","type-post","status-publish","format-standard","hentry","category-ecritures","category-enseignement-2","tag-guerison","tag-miracle","tag-st-ambroise"],"_links":{"self":[{"href":"https:\/\/www.associationdemarie.org\/blog\/wp-json\/wp\/v2\/posts\/25207","targetHints":{"allow":["GET"]}}],"collection":[{"href":"https:\/\/www.associationdemarie.org\/blog\/wp-json\/wp\/v2\/posts"}],"about":[{"href":"https:\/\/www.associationdemarie.org\/blog\/wp-json\/wp\/v2\/types\/post"}],"author":[{"embeddable":true,"href":"https:\/\/www.associationdemarie.org\/blog\/wp-json\/wp\/v2\/users\/2"}],"replies":[{"embeddable":true,"href":"https:\/\/www.associationdemarie.org\/blog\/wp-json\/wp\/v2\/comments?post=25207"}],"version-history":[{"count":1,"href":"https:\/\/www.associationdemarie.org\/blog\/wp-json\/wp\/v2\/posts\/25207\/revisions"}],"predecessor-version":[{"id":25209,"href":"https:\/\/www.associationdemarie.org\/blog\/wp-json\/wp\/v2\/posts\/25207\/revisions\/25209"}],"wp:attachment":[{"href":"https:\/\/www.associationdemarie.org\/blog\/wp-json\/wp\/v2\/media?parent=25207"}],"wp:term":[{"taxonomy":"category","embeddable":true,"href":"https:\/\/www.associationdemarie.org\/blog\/wp-json\/wp\/v2\/categories?post=25207"},{"taxonomy":"post_tag","embeddable":true,"href":"https:\/\/www.associationdemarie.org\/blog\/wp-json\/wp\/v2\/tags?post=25207"}],"curies":[{"name":"wp","href":"https:\/\/api.w.org\/{rel}","templated":true}]}}