{"id":25200,"date":"2025-02-02T01:26:23","date_gmt":"2025-02-02T00:26:23","guid":{"rendered":"http:\/\/www.associationdemarie.org\/blog\/?p=25200"},"modified":"2025-01-19T09:28:20","modified_gmt":"2025-01-19T08:28:20","slug":"presentation-du-seigneur-au-temple-fete-11","status":"publish","type":"post","link":"https:\/\/www.associationdemarie.org\/blog\/presentation-du-seigneur-au-temple-fete-11\/","title":{"rendered":"Pr\u00e9sentation du Seigneur au Temple, f\u00eate"},"content":{"rendered":"<p><img loading=\"lazy\" decoding=\"async\" class=\"aligncenter  wp-image-25201\" src=\"https:\/\/www.associationdemarie.org\/blog\/wp-content\/uploads\/2025\/01\/2-02-300x166.jpg\" alt=\"\" width=\"457\" height=\"253\" srcset=\"https:\/\/www.associationdemarie.org\/blog\/wp-content\/uploads\/2025\/01\/2-02-300x166.jpg 300w, https:\/\/www.associationdemarie.org\/blog\/wp-content\/uploads\/2025\/01\/2-02-768x424.jpg 768w, https:\/\/www.associationdemarie.org\/blog\/wp-content\/uploads\/2025\/01\/2-02-1024x565.jpg 1024w, https:\/\/www.associationdemarie.org\/blog\/wp-content\/uploads\/2025\/01\/2-02.jpg 1212w\" sizes=\"auto, (max-width: 457px) 100vw, 457px\" \/><\/p>\n<p>Le P\u00e8re des lumi\u00e8res (Jc 1,17) invite les fils de la lumi\u00e8re (Lc 16,18) \u00e0 c\u00e9l\u00e9brer cette f\u00eate de lumi\u00e8re : \u00ab Approchez-vous de lui et soyez inond\u00e9s de clart\u00e9 \u00bb, dit le psaume (33,6). De fait, \u00ab celui qui habite une lumi\u00e8re inaccessible \u00bb (1Tm 6,16) a daign\u00e9 se rendre accessible ; il s&rsquo;est abaiss\u00e9 dans la nu\u00e9e de la chair pour que le faible et le petit puissent monter jusqu&rsquo;\u00e0 lui. Quelle descente de mis\u00e9ricorde ! \u00ab Il a inclin\u00e9 les cieux \u00bb, c&rsquo;est-\u00e0-dire les sommets de la divinit\u00e9, \u00ab et il est descendu \u00bb en devenant pr\u00e9sent dans la chair, \u00ab et un nuage obscur \u00e9tait sous ses pieds \u00bb (Ps 17,10). (&#8230;)<\/p>\n<p>Obscurit\u00e9 n\u00e9cessaire pour nous rendre la lumi\u00e8re ! La lumi\u00e8re v\u00e9ritable s&rsquo;est cach\u00e9e sous le nuage de la chair, (cf. Ex 13,21) nuage obscur par sa ressemblance avec \u00ab notre condition humaine de p\u00e9cheurs \u00bb (Rm 8,3). (&#8230;) Puisque la vraie Lumi\u00e8re a fait de la chair sa cachette, nous qui sommes des \u00eatres de chair, approchons-nous du Verbe fait chair (&#8230;) pour apprendre \u00e0 passer peu \u00e0 peu de la chair \u00e0 l&rsquo;esprit. Approchons-nous maintenant, car aujourd&rsquo;hui un soleil nouveau brille plus qu&rsquo;\u00e0 l&rsquo;ordinaire. Jusque-l\u00e0 il \u00e9tait enferm\u00e9 \u00e0 Bethl\u00e9em dans l&rsquo;\u00e9troitesse d&rsquo;une cr\u00e8che et connu de bien peu de monde, mais aujourd&rsquo;hui, \u00e0 J\u00e9rusalem, il est pr\u00e9sent\u00e9 devant un grand nombre dans le Temple du Seigneur. (&#8230;) Aujourd&rsquo;hui, le Soleil s&rsquo;\u00e9lance pour irradier le monde entier. (&#8230;)<\/p>\n<p>Si seulement mon \u00e2me pouvait br\u00fbler du d\u00e9sir qui enflammait Sym\u00e9on, pour que je m\u00e9rite d&rsquo;\u00eatre le porteur d&rsquo;une si grande lumi\u00e8re ! Mais si l&rsquo;\u00e2me n&rsquo;a pas \u00e9t\u00e9 d&rsquo;abord purifi\u00e9e de ses fautes, elle ne pourra pas aller \u00ab \u00e0 la rencontre du Christ sur les nu\u00e9es \u00bb de la vraie libert\u00e9 (1Th 4,17). (&#8230;) Alors seulement elle pourra jouir avec Sym\u00e9on de la lumi\u00e8re v\u00e9ritable et, comme lui, partir en paix.<\/p>\n<h3 class=\"GospelCommentaryAuthor-name commentary-author font-2\">Adam de Perseigne (? -1221)<\/h3>\n<p>&nbsp;<\/p>\n<p>&nbsp;<\/p>\n<p>&nbsp;<\/p>\n","protected":false},"excerpt":{"rendered":"<p>Le P\u00e8re des lumi\u00e8res (Jc 1,17) invite les fils de la lumi\u00e8re (Lc 16,18) \u00e0 c\u00e9l\u00e9brer cette f\u00eate de lumi\u00e8re : \u00ab Approchez-vous de lui et soyez inond\u00e9s de clart\u00e9 \u00bb, dit le psaume (33,6). De fait, \u00ab celui qui habite une lumi\u00e8re inaccessible \u00bb (1Tm 6,16) a daign\u00e9 se rendre accessible ; il s&rsquo;est [&hellip;]<\/p>\n","protected":false},"author":2,"featured_media":0,"comment_status":"closed","ping_status":"closed","sticky":false,"template":"","format":"standard","meta":{"footnotes":""},"categories":[3,28],"tags":[1398,824],"class_list":["post-25200","post","type-post","status-publish","format-standard","hentry","category-liturgique","category-saints-et-saintes","tag-adam-de-perseigne","tag-presentation-de-jesus"],"_links":{"self":[{"href":"https:\/\/www.associationdemarie.org\/blog\/wp-json\/wp\/v2\/posts\/25200","targetHints":{"allow":["GET"]}}],"collection":[{"href":"https:\/\/www.associationdemarie.org\/blog\/wp-json\/wp\/v2\/posts"}],"about":[{"href":"https:\/\/www.associationdemarie.org\/blog\/wp-json\/wp\/v2\/types\/post"}],"author":[{"embeddable":true,"href":"https:\/\/www.associationdemarie.org\/blog\/wp-json\/wp\/v2\/users\/2"}],"replies":[{"embeddable":true,"href":"https:\/\/www.associationdemarie.org\/blog\/wp-json\/wp\/v2\/comments?post=25200"}],"version-history":[{"count":2,"href":"https:\/\/www.associationdemarie.org\/blog\/wp-json\/wp\/v2\/posts\/25200\/revisions"}],"predecessor-version":[{"id":25203,"href":"https:\/\/www.associationdemarie.org\/blog\/wp-json\/wp\/v2\/posts\/25200\/revisions\/25203"}],"wp:attachment":[{"href":"https:\/\/www.associationdemarie.org\/blog\/wp-json\/wp\/v2\/media?parent=25200"}],"wp:term":[{"taxonomy":"category","embeddable":true,"href":"https:\/\/www.associationdemarie.org\/blog\/wp-json\/wp\/v2\/categories?post=25200"},{"taxonomy":"post_tag","embeddable":true,"href":"https:\/\/www.associationdemarie.org\/blog\/wp-json\/wp\/v2\/tags?post=25200"}],"curies":[{"name":"wp","href":"https:\/\/api.w.org\/{rel}","templated":true}]}}