{"id":25163,"date":"2025-01-23T01:30:29","date_gmt":"2025-01-23T00:30:29","guid":{"rendered":"http:\/\/www.associationdemarie.org\/blog\/?p=25163"},"modified":"2025-01-09T07:32:24","modified_gmt":"2025-01-09T06:32:24","slug":"beaucoup-de-gens-avaient-appris-tout-ce-quil-faisait-et-ils-vinrent-a-lui-2","status":"publish","type":"post","link":"https:\/\/www.associationdemarie.org\/blog\/beaucoup-de-gens-avaient-appris-tout-ce-quil-faisait-et-ils-vinrent-a-lui-2\/","title":{"rendered":"\u00ab Beaucoup de gens&#8230;avaient appris tout ce qu&rsquo;il faisait, et ils vinrent \u00e0 lui. \u00bb"},"content":{"rendered":"<p><img loading=\"lazy\" decoding=\"async\" class=\"aligncenter  wp-image-25164\" src=\"https:\/\/www.associationdemarie.org\/blog\/wp-content\/uploads\/2025\/01\/23-01-300x219.jpg\" alt=\"\" width=\"453\" height=\"331\" srcset=\"https:\/\/www.associationdemarie.org\/blog\/wp-content\/uploads\/2025\/01\/23-01-300x219.jpg 300w, https:\/\/www.associationdemarie.org\/blog\/wp-content\/uploads\/2025\/01\/23-01-768x561.jpg 768w, https:\/\/www.associationdemarie.org\/blog\/wp-content\/uploads\/2025\/01\/23-01-1024x748.jpg 1024w, https:\/\/www.associationdemarie.org\/blog\/wp-content\/uploads\/2025\/01\/23-01.jpg 1260w\" sizes=\"auto, (max-width: 453px) 100vw, 453px\" \/><\/p>\n<p>Chez le proph\u00e8te Isa\u00efe, le Verbe lui-m\u00eame, la Parole de Dieu, dit qu&rsquo;il devait se manifester parmi nous \u2014 le Fils de Dieu, en effet, s&rsquo;est fait fils d&rsquo;homme \u2014 et se laisser trouver par nous qui auparavant ne le connaissions pas : \u00ab Je me suis manifest\u00e9 \u00e0 ceux qui ne me cherchaient pas, j&rsquo;ai \u00e9t\u00e9 trouv\u00e9 par ceux qui ne me questionnaient pas, j&rsquo;ai dit : me voici, \u00e0 un peuple qui n&rsquo;avait pas invoqu\u00e9 mon nom \u00bb (Is 65,1). (&#8230;) C&rsquo;est aussi le sens de ce qu&rsquo;a dit Jean Baptiste : \u00ab Dieu peut, de ces pierres, faire surgir des fils \u00e0 Abraham. \u00bb (Mt 3,9). En effet, apr\u00e8s avoir \u00e9t\u00e9 arrach\u00e9s par la foi au culte des pierres, nos c\u0153urs voient Dieu et deviennent fils d&rsquo;Abraham qui a \u00e9t\u00e9 justifi\u00e9 par la foi. (&#8230;)<\/p>\n<p>Le Verbe de Dieu s&rsquo;est incarn\u00e9 et a plant\u00e9 sa tente parmi nous comme dit Jean, son disciple (Jn 1,14). Gr\u00e2ce \u00e0 lui, par la vocation nouvelle, le c\u0153ur des pa\u00efens est chang\u00e9. L&rsquo;\u00c9glise porte d\u00e9sormais beaucoup de fruits, en ceux qui sont sauv\u00e9s ; et ce n&rsquo;est plus un intercesseur comme Mo\u00efse, ni un messager comme \u00c9lie, mais le Seigneur lui-m\u00eame qui nous sauve en donnant \u00e0 l&rsquo;\u00c9glise plus d&rsquo;enfants qu&rsquo;\u00e0 la synagogue des anciens, comme Isa\u00efe l&rsquo;avait pr\u00e9dit en disant : \u00ab R\u00e9jouis-toi, st\u00e9rile qui n&rsquo;as pas enfant\u00e9&#8230; \u00bb (Is 54,1; Ga 4,27). Dieu trouve son bonheur \u00e0 donner son h\u00e9ritage aux nations insens\u00e9es, \u00e0 ceux qui n&rsquo;appartenaient pas \u00e0 la cit\u00e9 de Dieu et ne savaient pas qui \u00e9tait Dieu. Maintenant donc que, gr\u00e2ce \u00e0 cet appel, la vie nous a \u00e9t\u00e9 donn\u00e9e et qu&rsquo;en nous Dieu a men\u00e9 \u00e0 sa pl\u00e9nitude la foi d&rsquo;Abraham, nous ne devons plus retourner en arri\u00e8re, je veux dire \u00e0 la premi\u00e8re l\u00e9gislation, car nous avons re\u00e7u le Ma\u00eetre de la Loi, le Fils de Dieu, et, par la foi en lui, nous apprenons \u00e0 aimer Dieu de tout notre c\u0153ur et le prochain comme nous-m\u00eames.<\/p>\n<h3 class=\"GospelCommentaryAuthor-name commentary-author font-2\">Saint Ir\u00e9n\u00e9e de Lyon (v. 130-v. 208)<\/h3>\n<p>&nbsp;<\/p>\n<p>&nbsp;<\/p>\n<p>&nbsp;<\/p>\n","protected":false},"excerpt":{"rendered":"<p>Chez le proph\u00e8te Isa\u00efe, le Verbe lui-m\u00eame, la Parole de Dieu, dit qu&rsquo;il devait se manifester parmi nous \u2014 le Fils de Dieu, en effet, s&rsquo;est fait fils d&rsquo;homme \u2014 et se laisser trouver par nous qui auparavant ne le connaissions pas : \u00ab Je me suis manifest\u00e9 \u00e0 ceux qui ne me cherchaient pas, [&hellip;]<\/p>\n","protected":false},"author":2,"featured_media":0,"comment_status":"closed","ping_status":"closed","sticky":false,"template":"","format":"standard","meta":{"footnotes":""},"categories":[13,1261],"tags":[842,1039,1179],"class_list":["post-25163","post","type-post","status-publish","format-standard","hentry","category-ecritures","category-enseignement-2","tag-prophetes","tag-st-irenee","tag-verbe"],"_links":{"self":[{"href":"https:\/\/www.associationdemarie.org\/blog\/wp-json\/wp\/v2\/posts\/25163","targetHints":{"allow":["GET"]}}],"collection":[{"href":"https:\/\/www.associationdemarie.org\/blog\/wp-json\/wp\/v2\/posts"}],"about":[{"href":"https:\/\/www.associationdemarie.org\/blog\/wp-json\/wp\/v2\/types\/post"}],"author":[{"embeddable":true,"href":"https:\/\/www.associationdemarie.org\/blog\/wp-json\/wp\/v2\/users\/2"}],"replies":[{"embeddable":true,"href":"https:\/\/www.associationdemarie.org\/blog\/wp-json\/wp\/v2\/comments?post=25163"}],"version-history":[{"count":2,"href":"https:\/\/www.associationdemarie.org\/blog\/wp-json\/wp\/v2\/posts\/25163\/revisions"}],"predecessor-version":[{"id":25166,"href":"https:\/\/www.associationdemarie.org\/blog\/wp-json\/wp\/v2\/posts\/25163\/revisions\/25166"}],"wp:attachment":[{"href":"https:\/\/www.associationdemarie.org\/blog\/wp-json\/wp\/v2\/media?parent=25163"}],"wp:term":[{"taxonomy":"category","embeddable":true,"href":"https:\/\/www.associationdemarie.org\/blog\/wp-json\/wp\/v2\/categories?post=25163"},{"taxonomy":"post_tag","embeddable":true,"href":"https:\/\/www.associationdemarie.org\/blog\/wp-json\/wp\/v2\/tags?post=25163"}],"curies":[{"name":"wp","href":"https:\/\/api.w.org\/{rel}","templated":true}]}}