{"id":25126,"date":"2025-01-12T01:03:07","date_gmt":"2025-01-12T00:03:07","guid":{"rendered":"http:\/\/www.associationdemarie.org\/blog\/?p=25126"},"modified":"2024-12-29T09:05:25","modified_gmt":"2024-12-29T08:05:25","slug":"fete-du-bapteme-de-notre-seigneur-7","status":"publish","type":"post","link":"https:\/\/www.associationdemarie.org\/blog\/fete-du-bapteme-de-notre-seigneur-7\/","title":{"rendered":"F\u00eate du Bapt\u00eame de Notre Seigneur"},"content":{"rendered":"<p><img loading=\"lazy\" decoding=\"async\" class=\"aligncenter  wp-image-25127\" src=\"https:\/\/www.associationdemarie.org\/blog\/wp-content\/uploads\/2024\/12\/12-01-300x169.png\" alt=\"\" width=\"447\" height=\"252\" srcset=\"https:\/\/www.associationdemarie.org\/blog\/wp-content\/uploads\/2024\/12\/12-01-300x169.png 300w, https:\/\/www.associationdemarie.org\/blog\/wp-content\/uploads\/2024\/12\/12-01.png 620w\" sizes=\"auto, (max-width: 447px) 100vw, 447px\" \/><\/p>\n<p>J\u00e9sus a sanctifi\u00e9 le bapt\u00eame en se faisant baptiser lui-m\u00eame. Si le Fils de Dieu a \u00e9t\u00e9 baptis\u00e9, quel homme pieux m\u00e9priserait le bapt\u00eame ? Or il a \u00e9t\u00e9 baptis\u00e9 non pas pour recevoir le pardon de p\u00e9ch\u00e9s quelconques \u2013 car il \u00e9tait sans p\u00e9ch\u00e9 \u2013 mais il a \u00e9t\u00e9 baptis\u00e9 sans p\u00e9ch\u00e9 pour conf\u00e9rer une gr\u00e2ce et une dignit\u00e9 divines aux baptis\u00e9s. Voici comment : \u00ab puisque les enfants avaient en partage une nature de chair et de sang \u00bb (He 2,14) pour que, participants d\u00e9sormais de sa pr\u00e9sence corporelle, nous devenions aussi participants de sa gr\u00e2ce divine : de la m\u00eame fa\u00e7on, J\u00e9sus fut baptis\u00e9 afin qu\u2019une participation de plus nous conf\u00e9r\u00e2t \u00e0 la fois l\u2019honneur et le salut. (\u2026)<\/p>\n<p>Tu descends dans l\u2019eau charg\u00e9 de tes p\u00e9ch\u00e9s, mais l\u2019invocation de la gr\u00e2ce appose son sceau sur ton \u00e2me et ne permet pas que tu sois aval\u00e9 par le terrible dragon. Descendu mort dans le p\u00e9ch\u00e9, tu remontes vivifi\u00e9 dans la justice. Si en effet tu as \u00e9t\u00e9 greff\u00e9 sur la ressemblance de la mort du Sauveur, tu sera aussi jug\u00e9 digne de la r\u00e9surrection. Comme J\u00e9sus, en effet, a souffert pour avoir pris sur lui les fautes de la terre enti\u00e8re, pour qu\u2019ayant mis le p\u00e9ch\u00e9 \u00e0 mort, il te ressuscit\u00e2t dans la justice, de m\u00eame, descendu toi aussi dans l\u2019eau, et, d\u2019une certaine mani\u00e8re, enseveli dans les eaux comme lui dans le rocher, tu ressuscites \u00ab marchant dans une vie renouvel\u00e9e \u00bb (Rm 6,2).<\/p>\n<h3 class=\"GospelCommentaryAuthor-name commentary-author font-2\">Saint Cyrille de J\u00e9rusalem (313-350)<\/h3>\n<p>&nbsp;<\/p>\n<p>&nbsp;<\/p>\n<p>&nbsp;<\/p>\n","protected":false},"excerpt":{"rendered":"<p>J\u00e9sus a sanctifi\u00e9 le bapt\u00eame en se faisant baptiser lui-m\u00eame. Si le Fils de Dieu a \u00e9t\u00e9 baptis\u00e9, quel homme pieux m\u00e9priserait le bapt\u00eame ? Or il a \u00e9t\u00e9 baptis\u00e9 non pas pour recevoir le pardon de p\u00e9ch\u00e9s quelconques \u2013 car il \u00e9tait sans p\u00e9ch\u00e9 \u2013 mais il a \u00e9t\u00e9 baptis\u00e9 sans p\u00e9ch\u00e9 pour conf\u00e9rer [&hellip;]<\/p>\n","protected":false},"author":2,"featured_media":0,"comment_status":"closed","ping_status":"closed","sticky":false,"template":"","format":"standard","meta":{"footnotes":""},"categories":[3],"tags":[131,378,536,1499,1042],"class_list":["post-25126","post","type-post","status-publish","format-standard","hentry","category-liturgique","tag-bapteme","tag-esprit-saint","tag-jesus-christ","tag-st-cyrille-de-jerusalem","tag-st-jean-baptiste"],"_links":{"self":[{"href":"https:\/\/www.associationdemarie.org\/blog\/wp-json\/wp\/v2\/posts\/25126","targetHints":{"allow":["GET"]}}],"collection":[{"href":"https:\/\/www.associationdemarie.org\/blog\/wp-json\/wp\/v2\/posts"}],"about":[{"href":"https:\/\/www.associationdemarie.org\/blog\/wp-json\/wp\/v2\/types\/post"}],"author":[{"embeddable":true,"href":"https:\/\/www.associationdemarie.org\/blog\/wp-json\/wp\/v2\/users\/2"}],"replies":[{"embeddable":true,"href":"https:\/\/www.associationdemarie.org\/blog\/wp-json\/wp\/v2\/comments?post=25126"}],"version-history":[{"count":1,"href":"https:\/\/www.associationdemarie.org\/blog\/wp-json\/wp\/v2\/posts\/25126\/revisions"}],"predecessor-version":[{"id":25128,"href":"https:\/\/www.associationdemarie.org\/blog\/wp-json\/wp\/v2\/posts\/25126\/revisions\/25128"}],"wp:attachment":[{"href":"https:\/\/www.associationdemarie.org\/blog\/wp-json\/wp\/v2\/media?parent=25126"}],"wp:term":[{"taxonomy":"category","embeddable":true,"href":"https:\/\/www.associationdemarie.org\/blog\/wp-json\/wp\/v2\/categories?post=25126"},{"taxonomy":"post_tag","embeddable":true,"href":"https:\/\/www.associationdemarie.org\/blog\/wp-json\/wp\/v2\/tags?post=25126"}],"curies":[{"name":"wp","href":"https:\/\/api.w.org\/{rel}","templated":true}]}}