{"id":25123,"date":"2025-01-11T01:28:06","date_gmt":"2025-01-11T00:28:06","guid":{"rendered":"http:\/\/www.associationdemarie.org\/blog\/?p=25123"},"modified":"2024-12-28T09:29:53","modified_gmt":"2024-12-28T08:29:53","slug":"lami-de-lepoux-entend-sa-voix-et-il-en-est-tout-joyeux","status":"publish","type":"post","link":"https:\/\/www.associationdemarie.org\/blog\/lami-de-lepoux-entend-sa-voix-et-il-en-est-tout-joyeux\/","title":{"rendered":"\u00ab L\u2019ami de l\u2019\u00e9poux entend sa voix et il en est tout joyeux. \u00bb"},"content":{"rendered":"<p><img loading=\"lazy\" decoding=\"async\" class=\"size-full wp-image-25124 alignleft\" src=\"https:\/\/www.associationdemarie.org\/blog\/wp-content\/uploads\/2024\/12\/11-01.jpeg\" alt=\"\" width=\"204\" height=\"247\" \/><\/p>\n<p>\u00ab L\u2019ami de l\u2019\u00c9poux, qui est l\u00e0 et l\u2019\u00e9coute, jubile de joie en entendant la voix de l\u2019\u00c9poux \u00bb (n 3,29). Ne dois-je pas dire ces paroles, mon Dieu, mon Seigneur J\u00e9sus, chaque fois que j\u2019entends quelque texte inspir\u00e9 : Psaume, l\u2019\u00c9vangile surtout, Pater, Ave, enfin tout texte des livres inspir\u00e9s ? C\u2019est bien la voix de l\u2019Esprit Saint qui parle, chaque fois que je les lis, que je les entends. Je dois donc dire ces paroles de saint Jean et ajouter avec lui : \u00ab Donc, en ce moment, mon bonheur est parfait\u2026 \u00bb<\/p>\n<p>C\u2019est dans cette jubilation que je dois \u00eatre, chaque fois que j\u2019entends, que je lis, que je r\u00e9cite quelque texte, si court qu\u2019il soit, de la parole de l\u2019\u00c9poux si passionn\u00e9ment ch\u00e9ri !&#8230; C\u2019est dans cette jubilation, dans ce transport d\u2019amour o\u00f9 doit me jeter la voix de l\u2019\u00c9poux, que je dois donc r\u00e9citer l\u2019office divin, dire le Saint Rosaire, lire la Sainte \u00c9criture\u2026 Aime-t-on, respecte-t-on, v\u00e9n\u00e8re-t-on, admire-t-on, adore-t-on la parole \u00e9crite ou parl\u00e9e de ce qu\u2019on aime ?&#8230; Adorons donc, baisons, ch\u00e9rissons, adulons toute parole du Bien-Aim\u00e9 de nos c\u0153urs !&#8230;<\/p>\n<h3 class=\"GospelCommentaryAuthor-name commentary-author font-2\">Saint Charles de Foucauld (1858-1916)<\/h3>\n<p>&nbsp;<\/p>\n<p>&nbsp;<\/p>\n<p>&nbsp;<\/p>\n","protected":false},"excerpt":{"rendered":"<p>\u00ab L\u2019ami de l\u2019\u00c9poux, qui est l\u00e0 et l\u2019\u00e9coute, jubile de joie en entendant la voix de l\u2019\u00c9poux \u00bb (n 3,29). Ne dois-je pas dire ces paroles, mon Dieu, mon Seigneur J\u00e9sus, chaque fois que j\u2019entends quelque texte inspir\u00e9 : Psaume, l\u2019\u00c9vangile surtout, Pater, Ave, enfin tout texte des livres inspir\u00e9s ? C\u2019est bien la [&hellip;]<\/p>\n","protected":false},"author":2,"featured_media":0,"comment_status":"closed","ping_status":"closed","sticky":false,"template":"","format":"standard","meta":{"footnotes":""},"categories":[13,1261],"tags":[369,1641],"class_list":["post-25123","post","type-post","status-publish","format-standard","hentry","category-ecritures","category-enseignement-2","tag-epoux","tag-st-charles-de-foucauld"],"_links":{"self":[{"href":"https:\/\/www.associationdemarie.org\/blog\/wp-json\/wp\/v2\/posts\/25123","targetHints":{"allow":["GET"]}}],"collection":[{"href":"https:\/\/www.associationdemarie.org\/blog\/wp-json\/wp\/v2\/posts"}],"about":[{"href":"https:\/\/www.associationdemarie.org\/blog\/wp-json\/wp\/v2\/types\/post"}],"author":[{"embeddable":true,"href":"https:\/\/www.associationdemarie.org\/blog\/wp-json\/wp\/v2\/users\/2"}],"replies":[{"embeddable":true,"href":"https:\/\/www.associationdemarie.org\/blog\/wp-json\/wp\/v2\/comments?post=25123"}],"version-history":[{"count":1,"href":"https:\/\/www.associationdemarie.org\/blog\/wp-json\/wp\/v2\/posts\/25123\/revisions"}],"predecessor-version":[{"id":25125,"href":"https:\/\/www.associationdemarie.org\/blog\/wp-json\/wp\/v2\/posts\/25123\/revisions\/25125"}],"wp:attachment":[{"href":"https:\/\/www.associationdemarie.org\/blog\/wp-json\/wp\/v2\/media?parent=25123"}],"wp:term":[{"taxonomy":"category","embeddable":true,"href":"https:\/\/www.associationdemarie.org\/blog\/wp-json\/wp\/v2\/categories?post=25123"},{"taxonomy":"post_tag","embeddable":true,"href":"https:\/\/www.associationdemarie.org\/blog\/wp-json\/wp\/v2\/tags?post=25123"}],"curies":[{"name":"wp","href":"https:\/\/api.w.org\/{rel}","templated":true}]}}