{"id":25097,"date":"2024-01-03T01:58:49","date_gmt":"2024-01-03T00:58:49","guid":{"rendered":"http:\/\/www.associationdemarie.org\/blog\/?p=25097"},"modified":"2024-12-20T07:01:10","modified_gmt":"2024-12-20T06:01:10","slug":"jai-vu-lesprit-descendre-du-ciel-comme-une-colombe-et-demeurer-sur-lui","status":"publish","type":"post","link":"https:\/\/www.associationdemarie.org\/blog\/jai-vu-lesprit-descendre-du-ciel-comme-une-colombe-et-demeurer-sur-lui\/","title":{"rendered":"\u00ab J&rsquo;ai vu l&rsquo;Esprit descendre du ciel comme une colombe et demeurer sur lui. \u00bb"},"content":{"rendered":"<p><img loading=\"lazy\" decoding=\"async\" class=\"aligncenter  wp-image-25098\" src=\"https:\/\/www.associationdemarie.org\/blog\/wp-content\/uploads\/2024\/12\/3-01-300x168.jpg\" alt=\"\" width=\"480\" height=\"269\" srcset=\"https:\/\/www.associationdemarie.org\/blog\/wp-content\/uploads\/2024\/12\/3-01-300x168.jpg 300w, https:\/\/www.associationdemarie.org\/blog\/wp-content\/uploads\/2024\/12\/3-01.jpg 714w\" sizes=\"auto, (max-width: 480px) 100vw, 480px\" \/><\/p>\n<p>J\u00e9sus est celui qui est \u00ab sorti de la souche de Jess\u00e9 \u00bb selon la chair, \u00ab n\u00e9 de la lign\u00e9e de David selon la chair \u00bb, et aussi \u00ab \u00e9tabli dans sa puissance de Fils de Dieu selon l&rsquo;Esprit qui sanctifie \u00bb (Is 11,1; Rm 1,3-4). Oui, il est \u00ab le rejeton sorti de la souche de Jess\u00e9 \u00bb, et pourtant il n&rsquo;est pas un rejeton, lui \u00ab le Premier-n\u00e9 de toute la cr\u00e9ation \u00bb (Col 1,15) ; il n&rsquo;est pas qu&rsquo;un rejeton, lui le Dieu \u00ab Verbe qui au commencement \u00e9tait aupr\u00e8s de Dieu \u00bb (Jn 1,1), et pourtant celui qui est n\u00e9 selon la chair est bien \u00ab un rejeton sorti de la souche de Jess\u00e9 : une fleur a jailli de ses racines \u00bb &#8230;<\/p>\n<p>\u00ab Sur lui reposera l&rsquo;esprit du Seigneur, esprit de sagesse et d&rsquo;intelligence \u00bb (Is 11,2). L&rsquo;esprit de sagesse n&rsquo;a pas repos\u00e9 sur Mo\u00efse, l&rsquo;esprit de sagesse n&rsquo;a pas repos\u00e9 sur Josu\u00e9, l&rsquo;esprit de sagesse n&rsquo;a repos\u00e9 sur aucun des proph\u00e8tes, ni sur Isa\u00efe, ni sur J\u00e9r\u00e9mie&#8230; Il est venu sur Mo\u00efse, mais apr\u00e8s cette visite de l&rsquo;esprit de sagesse, Mo\u00efse a manqu\u00e9 de foi : \u00ab \u00c9coutez donc, rebelles, dit-il, est-ce que nous pouvons faire jaillir de l&rsquo;eau pour vous de ce rocher ? \u00bb (Nb 20,10) Il est venu sur tous les justes. Il est venu sur Isa\u00efe, mais que dit ce dernier ? \u00ab Je suis un homme aux l\u00e8vres impures et j&rsquo;habite au milieu d&rsquo;un peuple aux l\u00e8vres impures \u00bb (Is 6,5)&#8230; L&rsquo;Esprit peut bien venir sur n&rsquo;importe quel homme, mais il ne peut pas y trouver de repos, car tout homme p\u00e8che et il n&rsquo;y a pas de juste sur la terre qui fasse le bien sans jamais tomber. \u00ab Personne n&rsquo;est pur de souillures \u00bb (Jb 14,4)&#8230; Si l&rsquo;Esprit est venu sur beaucoup, il n&rsquo;est demeur\u00e9 sur aucun. Auparavant dans l&rsquo;\u00c9criture, il y a cette parole : \u00ab Mon esprit, dit le Seigneur, ne demeurera pas ind\u00e9finiment dans l&rsquo;homme \u00bb (Gn 6,3)&#8230;<\/p>\n<p>Jean le Baptiste a vu un homme, un seul, sur lequel l&rsquo;Esprit a demeur\u00e9, et c&rsquo;\u00e9tait le signe que Dieu lui avait donn\u00e9 : \u00ab Celui sur qui tu verras l&rsquo;Esprit descendre et demeurer, c&rsquo;est lui, le Fils de Dieu \u00bb.<\/p>\n<h3 class=\"GospelCommentaryAuthor-name commentary-author font-2\">Orig\u00e8ne (v. 185-253)<\/h3>\n<p>&nbsp;<\/p>\n<p>&nbsp;<\/p>\n<p>&nbsp;<\/p>\n","protected":false},"excerpt":{"rendered":"<p>J\u00e9sus est celui qui est \u00ab sorti de la souche de Jess\u00e9 \u00bb selon la chair, \u00ab n\u00e9 de la lign\u00e9e de David selon la chair \u00bb, et aussi \u00ab \u00e9tabli dans sa puissance de Fils de Dieu selon l&rsquo;Esprit qui sanctifie \u00bb (Is 11,1; Rm 1,3-4). Oui, il est \u00ab le rejeton sorti de [&hellip;]<\/p>\n","protected":false},"author":2,"featured_media":0,"comment_status":"closed","ping_status":"closed","sticky":false,"template":"","format":"standard","meta":{"footnotes":""},"categories":[13,1261],"tags":[378,742,1042],"class_list":["post-25097","post","type-post","status-publish","format-standard","hentry","category-ecritures","category-enseignement-2","tag-esprit-saint","tag-origene","tag-st-jean-baptiste"],"_links":{"self":[{"href":"https:\/\/www.associationdemarie.org\/blog\/wp-json\/wp\/v2\/posts\/25097","targetHints":{"allow":["GET"]}}],"collection":[{"href":"https:\/\/www.associationdemarie.org\/blog\/wp-json\/wp\/v2\/posts"}],"about":[{"href":"https:\/\/www.associationdemarie.org\/blog\/wp-json\/wp\/v2\/types\/post"}],"author":[{"embeddable":true,"href":"https:\/\/www.associationdemarie.org\/blog\/wp-json\/wp\/v2\/users\/2"}],"replies":[{"embeddable":true,"href":"https:\/\/www.associationdemarie.org\/blog\/wp-json\/wp\/v2\/comments?post=25097"}],"version-history":[{"count":2,"href":"https:\/\/www.associationdemarie.org\/blog\/wp-json\/wp\/v2\/posts\/25097\/revisions"}],"predecessor-version":[{"id":25100,"href":"https:\/\/www.associationdemarie.org\/blog\/wp-json\/wp\/v2\/posts\/25097\/revisions\/25100"}],"wp:attachment":[{"href":"https:\/\/www.associationdemarie.org\/blog\/wp-json\/wp\/v2\/media?parent=25097"}],"wp:term":[{"taxonomy":"category","embeddable":true,"href":"https:\/\/www.associationdemarie.org\/blog\/wp-json\/wp\/v2\/categories?post=25097"},{"taxonomy":"post_tag","embeddable":true,"href":"https:\/\/www.associationdemarie.org\/blog\/wp-json\/wp\/v2\/tags?post=25097"}],"curies":[{"name":"wp","href":"https:\/\/api.w.org\/{rel}","templated":true}]}}