{"id":25094,"date":"2025-01-02T01:24:27","date_gmt":"2025-01-02T00:24:27","guid":{"rendered":"http:\/\/www.associationdemarie.org\/blog\/?p=25094"},"modified":"2024-12-19T07:25:58","modified_gmt":"2024-12-19T06:25:58","slug":"notre-ame-est-destinee-a-celui-qui-est-si-grand","status":"publish","type":"post","link":"https:\/\/www.associationdemarie.org\/blog\/notre-ame-est-destinee-a-celui-qui-est-si-grand\/","title":{"rendered":"Notre \u00e2me est destin\u00e9e \u00e0 Celui qui est si grand"},"content":{"rendered":"<p><img loading=\"lazy\" decoding=\"async\" class=\"size-full wp-image-25095 alignleft\" src=\"https:\/\/www.associationdemarie.org\/blog\/wp-content\/uploads\/2024\/12\/2-01.jpeg\" alt=\"\" width=\"245\" height=\"206\" \/><\/p>\n<p>Loin de vous ces timidit\u00e9s excessives, o\u00f9 tombent certaines personnes qui les prennent pour de l\u2019humilit\u00e9 ! Non, l\u2019humilit\u00e9 ne consiste pas \u00e0 refuser une faveur que nous fait le roi ; mais \u00e0 l\u2019accepter en reconnaissant combien nous en sommes indignes et \u00e0 nous r\u00e9jouir de cette faveur. Ce serait vraiment une \u00e9trange humilit\u00e9 que celle-l\u00e0 ! Comment ! Le Souverain de la terre et des cieux viendrait en moi pour me combler de ses faveurs et prendre ses d\u00e9lices avec moi, et par humilit\u00e9 je ne voudrais ni lui r\u00e9pondre, ni rester avec lui, ni accepter ce qu\u2019il me donne ! et je le laisserais seul ! et quand il m\u2019invite \u00e0 lui pr\u00e9senter mes suppliques et qu\u2019il m\u2019en prie, je croirais faire preuve d\u2019humilit\u00e9 en restant dans ma pauvret\u00e9 ! et je l\u2019obligerais \u00e0 s\u2019en aller parce que je ne r\u00e9ponds pas \u00e0 ses avances ? Laissez de c\u00f4t\u00e9, mes filles, cette pr\u00e9tendue l\u2019humilit\u00e9. Traitez avec lui comme avec un P\u00e8re, un Fr\u00e8re, un Ma\u00eetre, un \u00c9poux. Consid\u00e9rez-le tant\u00f4t sous un rapport, tant\u00f4t sous un autre. Il vous enseignera lui-m\u00eame ce que vous devez faire pour le contenter.<\/p>\n<p>Dieu est ma\u00eetre tout-puissant. N\u2019a-t-il pas la libert\u00e9 avec lui ? Or, comme il nous aime, il se met \u00e0 notre port\u00e9e. Une \u00e2me qui d\u00e9bute serait troubl\u00e9e en se voyant, elle si petite, destin\u00e9e \u00e0 renfermer en soi celui qui est si grand. Mais le Seigneur ne se manifeste pas \u00e0 elle imm\u00e9diatement : il agrandit peu \u00e0 peu sa capacit\u00e9 ; il la dispose et la pr\u00e9pare aux dons qu\u2019il veut mettre en elle. J\u2019ai dit qu\u2019il porte avec lui la libert\u00e9 parce qu\u2019il a le pouvoir d\u2019agrandir ce palais qu\u2019est notre \u00e2me.<\/p>\n<h3 class=\"GospelCommentaryAuthor-name commentary-author font-2\">Sainte Th\u00e9r\u00e8se d&rsquo;Avila (1515-1582)<\/h3>\n<p>&nbsp;<\/p>\n<p>&nbsp;<\/p>\n<p>&nbsp;<\/p>\n","protected":false},"excerpt":{"rendered":"<p>Loin de vous ces timidit\u00e9s excessives, o\u00f9 tombent certaines personnes qui les prennent pour de l\u2019humilit\u00e9 ! Non, l\u2019humilit\u00e9 ne consiste pas \u00e0 refuser une faveur que nous fait le roi ; mais \u00e0 l\u2019accepter en reconnaissant combien nous en sommes indignes et \u00e0 nous r\u00e9jouir de cette faveur. Ce serait vraiment une \u00e9trange humilit\u00e9 [&hellip;]<\/p>\n","protected":false},"author":2,"featured_media":0,"comment_status":"closed","ping_status":"closed","sticky":false,"template":"","format":"standard","meta":{"footnotes":""},"categories":[13,1261],"tags":[295,1107],"class_list":["post-25094","post","type-post","status-publish","format-standard","hentry","category-ecritures","category-enseignement-2","tag-dieu","tag-ste-therese"],"_links":{"self":[{"href":"https:\/\/www.associationdemarie.org\/blog\/wp-json\/wp\/v2\/posts\/25094","targetHints":{"allow":["GET"]}}],"collection":[{"href":"https:\/\/www.associationdemarie.org\/blog\/wp-json\/wp\/v2\/posts"}],"about":[{"href":"https:\/\/www.associationdemarie.org\/blog\/wp-json\/wp\/v2\/types\/post"}],"author":[{"embeddable":true,"href":"https:\/\/www.associationdemarie.org\/blog\/wp-json\/wp\/v2\/users\/2"}],"replies":[{"embeddable":true,"href":"https:\/\/www.associationdemarie.org\/blog\/wp-json\/wp\/v2\/comments?post=25094"}],"version-history":[{"count":1,"href":"https:\/\/www.associationdemarie.org\/blog\/wp-json\/wp\/v2\/posts\/25094\/revisions"}],"predecessor-version":[{"id":25096,"href":"https:\/\/www.associationdemarie.org\/blog\/wp-json\/wp\/v2\/posts\/25094\/revisions\/25096"}],"wp:attachment":[{"href":"https:\/\/www.associationdemarie.org\/blog\/wp-json\/wp\/v2\/media?parent=25094"}],"wp:term":[{"taxonomy":"category","embeddable":true,"href":"https:\/\/www.associationdemarie.org\/blog\/wp-json\/wp\/v2\/categories?post=25094"},{"taxonomy":"post_tag","embeddable":true,"href":"https:\/\/www.associationdemarie.org\/blog\/wp-json\/wp\/v2\/tags?post=25094"}],"curies":[{"name":"wp","href":"https:\/\/api.w.org\/{rel}","templated":true}]}}