{"id":25091,"date":"2025-01-01T01:26:45","date_gmt":"2025-01-01T00:26:45","guid":{"rendered":"http:\/\/www.associationdemarie.org\/blog\/?p=25091"},"modified":"2024-12-18T08:29:25","modified_gmt":"2024-12-18T07:29:25","slug":"solennite-de-sainte-marie-mere-de-dieu-10","status":"publish","type":"post","link":"https:\/\/www.associationdemarie.org\/blog\/solennite-de-sainte-marie-mere-de-dieu-10\/","title":{"rendered":"Solennit\u00e9 de Sainte Marie, M\u00e8re de Dieu"},"content":{"rendered":"<p><img loading=\"lazy\" decoding=\"async\" class=\"aligncenter size-medium wp-image-25092\" src=\"https:\/\/www.associationdemarie.org\/blog\/wp-content\/uploads\/2024\/12\/1-01-300x163.jpg\" alt=\"\" width=\"300\" height=\"163\" srcset=\"https:\/\/www.associationdemarie.org\/blog\/wp-content\/uploads\/2024\/12\/1-01-300x163.jpg 300w, https:\/\/www.associationdemarie.org\/blog\/wp-content\/uploads\/2024\/12\/1-01.jpg 320w\" sizes=\"auto, (max-width: 300px) 100vw, 300px\" \/><\/p>\n<p>Commet parler dignement de celle qui a engendr\u00e9 mon Seigneur et mon Dieu ? Par sa f\u00e9condit\u00e9, j\u2019ai \u00e9t\u00e9 d\u00e9livr\u00e9 de ma captivit\u00e9 ; par son enfantement, je suis rachet\u00e9 de la mort \u00e9ternelle ; par son Fils, j\u2019ai \u00e9t\u00e9 relev\u00e9 de ma ruine et ramen\u00e9 du malheur \u00e0 la patrie bienheureuse. \u00d4 b\u00e9nie entre les femmes, c\u2019est le fruit b\u00e9ni de ton sein (Lc 1,42) qui m\u2019a donn\u00e9 tout cela par la r\u00e9g\u00e9n\u00e9ration du bapt\u00eame. Il me l\u2019a donn\u00e9 en r\u00e9alit\u00e9 ou en esp\u00e9rance, bien que je me sois moi-m\u00eame priv\u00e9 de tout cela par mon propre p\u00e9ch\u00e9, au point d\u2019\u00eatre sans rien et au bord du d\u00e9sespoir. Quoi donc ? Si mes fautes sont pardonn\u00e9es, serai-je ingrat envers celle par qui tant de biens me sont venus gratuitement ? Dieu me garde d\u2019ajouter cette injustice \u00e0 mes iniquit\u00e9s !<\/p>\n<p>Dieu a donn\u00e9 son Fils, fruit de son c\u0153ur, qui \u00e9tait son \u00e9gal et qu\u2019il aimait comme lui-m\u00eame : il l\u2019a donn\u00e9 \u00e0 Marie et, du sein de Marie, il en a fait son Fils, non pas quelqu\u2019un d\u2019autre, mais le m\u00eame en personne, de sorte qu\u2019il est par sa nature le m\u00eame Fils unique de Dieu et de Marie. Toute la cr\u00e9ation est l\u2019\u0153uvre de Dieu, et Dieu est n\u00e9 de Marie ! Dieu a tout cr\u00e9\u00e9, et Marie a enfant\u00e9 Dieu ! Dieu qui a tout form\u00e9 s\u2019est form\u00e9 lui-m\u00eame du sein de Marie, et ainsi il a refait tout ce qu\u2019il avait fait. Lui qui a pu tout faire de rien n\u2019a pas voulu refaire sa cr\u00e9ation d\u00e9truite sans devenir d\u2019abord fils de Marie. Dieu est donc le P\u00e8re de toutes les choses cr\u00e9\u00e9es, et Marie la m\u00e8re de toutes les choses recr\u00e9\u00e9es. Dieu est le P\u00e8re de la cr\u00e9ation universelle, et Marie la m\u00e8re de la r\u00e9demption universelle. Car Dieu a engendr\u00e9 celui par qui tout a \u00e9t\u00e9 fait, et Marie a enfant\u00e9 celui par qui tout a \u00e9t\u00e9 sauv\u00e9.<\/p>\n<h3 class=\"GospelCommentaryAuthor-name commentary-author font-2\">Saint Anselme (1033-1109)<\/h3>\n<p>&nbsp;<\/p>\n<p>&nbsp;<\/p>\n<p>&nbsp;<\/p>\n","protected":false},"excerpt":{"rendered":"<p>Commet parler dignement de celle qui a engendr\u00e9 mon Seigneur et mon Dieu ? Par sa f\u00e9condit\u00e9, j\u2019ai \u00e9t\u00e9 d\u00e9livr\u00e9 de ma captivit\u00e9 ; par son enfantement, je suis rachet\u00e9 de la mort \u00e9ternelle ; par son Fils, j\u2019ai \u00e9t\u00e9 relev\u00e9 de ma ruine et ramen\u00e9 du malheur \u00e0 la patrie bienheureuse. \u00d4 b\u00e9nie entre [&hellip;]<\/p>\n","protected":false},"author":2,"featured_media":0,"comment_status":"closed","ping_status":"closed","sticky":false,"template":"","format":"standard","meta":{"footnotes":""},"categories":[3,28],"tags":[638,1459,1100],"class_list":["post-25091","post","type-post","status-publish","format-standard","hentry","category-liturgique","category-saints-et-saintes","tag-marie-mere-de-dieu","tag-st-anselme","tag-ste-marie"],"_links":{"self":[{"href":"https:\/\/www.associationdemarie.org\/blog\/wp-json\/wp\/v2\/posts\/25091","targetHints":{"allow":["GET"]}}],"collection":[{"href":"https:\/\/www.associationdemarie.org\/blog\/wp-json\/wp\/v2\/posts"}],"about":[{"href":"https:\/\/www.associationdemarie.org\/blog\/wp-json\/wp\/v2\/types\/post"}],"author":[{"embeddable":true,"href":"https:\/\/www.associationdemarie.org\/blog\/wp-json\/wp\/v2\/users\/2"}],"replies":[{"embeddable":true,"href":"https:\/\/www.associationdemarie.org\/blog\/wp-json\/wp\/v2\/comments?post=25091"}],"version-history":[{"count":1,"href":"https:\/\/www.associationdemarie.org\/blog\/wp-json\/wp\/v2\/posts\/25091\/revisions"}],"predecessor-version":[{"id":25093,"href":"https:\/\/www.associationdemarie.org\/blog\/wp-json\/wp\/v2\/posts\/25091\/revisions\/25093"}],"wp:attachment":[{"href":"https:\/\/www.associationdemarie.org\/blog\/wp-json\/wp\/v2\/media?parent=25091"}],"wp:term":[{"taxonomy":"category","embeddable":true,"href":"https:\/\/www.associationdemarie.org\/blog\/wp-json\/wp\/v2\/categories?post=25091"},{"taxonomy":"post_tag","embeddable":true,"href":"https:\/\/www.associationdemarie.org\/blog\/wp-json\/wp\/v2\/tags?post=25091"}],"curies":[{"name":"wp","href":"https:\/\/api.w.org\/{rel}","templated":true}]}}