{"id":25085,"date":"2024-12-30T01:03:00","date_gmt":"2024-12-30T00:03:00","guid":{"rendered":"http:\/\/www.associationdemarie.org\/blog\/?p=25085"},"modified":"2024-12-16T07:04:41","modified_gmt":"2024-12-16T06:04:41","slug":"le-chant-nouveau-anne-proclamait-les-louanges-de-dieu","status":"publish","type":"post","link":"https:\/\/www.associationdemarie.org\/blog\/le-chant-nouveau-anne-proclamait-les-louanges-de-dieu\/","title":{"rendered":"Le chant nouveau : \u00ab Anne proclamait les louanges de Dieu. \u00bb"},"content":{"rendered":"<p><img loading=\"lazy\" decoding=\"async\" class=\"aligncenter size-medium wp-image-25086\" src=\"https:\/\/www.associationdemarie.org\/blog\/wp-content\/uploads\/2024\/12\/30-12-300x219.jpg\" alt=\"\" width=\"300\" height=\"219\" srcset=\"https:\/\/www.associationdemarie.org\/blog\/wp-content\/uploads\/2024\/12\/30-12-300x219.jpg 300w, https:\/\/www.associationdemarie.org\/blog\/wp-content\/uploads\/2024\/12\/30-12-768x562.jpg 768w, https:\/\/www.associationdemarie.org\/blog\/wp-content\/uploads\/2024\/12\/30-12.jpg 800w\" sizes=\"auto, (max-width: 300px) 100vw, 300px\" \/><\/p>\n<p>Comme le Verbe, la Parole de Dieu, \u00e9tait d&rsquo;en haut, il \u00e9tait et il est le divin commencement de toutes choses. Mais maintenant qu&rsquo;il a re\u00e7u comme nom Celui-qui-a-\u00e9t\u00e9-consacr\u00e9, le nom de Christ, je l&rsquo;appelle \u00ab un chant nouveau \u00bb (Ps 33, 144, 149, etc). Le Verbe nous faisait exister depuis longtemps, car il \u00e9tait en Dieu ; par lui notre existence est bonne. Ce Verbe vient d&rsquo;appara\u00eetre aux hommes, lui Dieu et homme ; il est la cause pour nous de tous les biens. Ayant appris de lui \u00e0 bien vivre, nous sommes introduits par lui dans la vie \u00e9ternelle. Car selon l&rsquo;ap\u00f4tre du Seigneur \u00ab la gr\u00e2ce de Dieu s&rsquo;est manifest\u00e9e pour le salut de tous les hommes. Elle nous apprend \u00e0 rejeter le p\u00e9ch\u00e9 et les passions d&rsquo;ici-bas, pour vivre dans le monde pr\u00e9sent en hommes raisonnables, justes et religieux, en attendant la bienheureuse esp\u00e9rance, la manifestation de la gloire de J\u00e9sus Christ, notre grand Dieu et notre Sauveur \u00bb (Tt 2,11-13).<\/p>\n<p>Voil\u00e0 le chant nouveau : la manifestation du Verbe qui \u00e9tait au commencement et qui vient de briller parmi nous&#8230; Car celui qui existait comme Sauveur depuis toujours vient d&rsquo;appara\u00eetre, celui qui est Dieu est apparu comme ma\u00eetre, le Verbe par qui tout a \u00e9t\u00e9 fait est apparu (Jn 1,10). Comme cr\u00e9ateur, il donnait la vie au commencement ; maintenant, \u00e9tant apparu comme ma\u00eetre, il enseigne \u00e0 bien vivre, de fa\u00e7on \u00e0 nous procurer un jour, en tant que Dieu, la vie \u00e9ternelle. Ce n&rsquo;est pas aujourd&rsquo;hui la premi\u00e8re fois qu&rsquo;il nous a pris en piti\u00e9 \u00e0 cause de notre \u00e9garement : c&rsquo;est d\u00e8s le commencement.<\/p>\n<h3 class=\"GospelCommentaryAuthor-name commentary-author font-2\">Saint Cl\u00e9ment d&rsquo;Alexandrie (150-v. 215)<\/h3>\n","protected":false},"excerpt":{"rendered":"<p>Comme le Verbe, la Parole de Dieu, \u00e9tait d&rsquo;en haut, il \u00e9tait et il est le divin commencement de toutes choses. Mais maintenant qu&rsquo;il a re\u00e7u comme nom Celui-qui-a-\u00e9t\u00e9-consacr\u00e9, le nom de Christ, je l&rsquo;appelle \u00ab un chant nouveau \u00bb (Ps 33, 144, 149, etc). Le Verbe nous faisait exister depuis longtemps, car il \u00e9tait [&hellip;]<\/p>\n","protected":false},"author":2,"featured_media":0,"comment_status":"closed","ping_status":"closed","sticky":false,"template":"","format":"standard","meta":{"footnotes":""},"categories":[3,28],"tags":[715,1553],"class_list":["post-25085","post","type-post","status-publish","format-standard","hentry","category-liturgique","category-saints-et-saintes","tag-noel","tag-st-clement-dalexandrie"],"_links":{"self":[{"href":"https:\/\/www.associationdemarie.org\/blog\/wp-json\/wp\/v2\/posts\/25085","targetHints":{"allow":["GET"]}}],"collection":[{"href":"https:\/\/www.associationdemarie.org\/blog\/wp-json\/wp\/v2\/posts"}],"about":[{"href":"https:\/\/www.associationdemarie.org\/blog\/wp-json\/wp\/v2\/types\/post"}],"author":[{"embeddable":true,"href":"https:\/\/www.associationdemarie.org\/blog\/wp-json\/wp\/v2\/users\/2"}],"replies":[{"embeddable":true,"href":"https:\/\/www.associationdemarie.org\/blog\/wp-json\/wp\/v2\/comments?post=25085"}],"version-history":[{"count":1,"href":"https:\/\/www.associationdemarie.org\/blog\/wp-json\/wp\/v2\/posts\/25085\/revisions"}],"predecessor-version":[{"id":25087,"href":"https:\/\/www.associationdemarie.org\/blog\/wp-json\/wp\/v2\/posts\/25085\/revisions\/25087"}],"wp:attachment":[{"href":"https:\/\/www.associationdemarie.org\/blog\/wp-json\/wp\/v2\/media?parent=25085"}],"wp:term":[{"taxonomy":"category","embeddable":true,"href":"https:\/\/www.associationdemarie.org\/blog\/wp-json\/wp\/v2\/categories?post=25085"},{"taxonomy":"post_tag","embeddable":true,"href":"https:\/\/www.associationdemarie.org\/blog\/wp-json\/wp\/v2\/tags?post=25085"}],"curies":[{"name":"wp","href":"https:\/\/api.w.org\/{rel}","templated":true}]}}