{"id":25068,"date":"2024-12-27T01:44:20","date_gmt":"2024-12-27T00:44:20","guid":{"rendered":"http:\/\/www.associationdemarie.org\/blog\/?p=25068"},"modified":"2024-12-13T08:46:19","modified_gmt":"2024-12-13T07:46:19","slug":"fete-de-saint-jean-apotre-et-evangeliste-10","status":"publish","type":"post","link":"https:\/\/www.associationdemarie.org\/blog\/fete-de-saint-jean-apotre-et-evangeliste-10\/","title":{"rendered":"F\u00eate de saint Jean, ap\u00f4tre et \u00e9vang\u00e9liste"},"content":{"rendered":"<p><img loading=\"lazy\" decoding=\"async\" class=\"aligncenter  wp-image-25069\" src=\"https:\/\/www.associationdemarie.org\/blog\/wp-content\/uploads\/2024\/12\/27-12-769x1024.jpg\" alt=\"\" width=\"458\" height=\"610\" srcset=\"https:\/\/www.associationdemarie.org\/blog\/wp-content\/uploads\/2024\/12\/27-12-769x1024.jpg 769w, https:\/\/www.associationdemarie.org\/blog\/wp-content\/uploads\/2024\/12\/27-12-225x300.jpg 225w, https:\/\/www.associationdemarie.org\/blog\/wp-content\/uploads\/2024\/12\/27-12-768x1023.jpg 768w, https:\/\/www.associationdemarie.org\/blog\/wp-content\/uploads\/2024\/12\/27-12.jpg 1442w\" sizes=\"auto, (max-width: 458px) 100vw, 458px\" \/><\/p>\n<p>Le symbole de Jean est l\u2019aigle. Voici pourquoi : les trois autres \u00e9vang\u00e9listes se sont occup\u00e9s de ce que le Christ a accompli dans la chair et ils sont d\u00e9sign\u00e9s par des vivants qui marchent sur la terre, \u00e0 savoir par l\u2019homme, le b\u0153uf et le lion ; Jean, lui, volant comme un aigle au-dessus des nuages de la faiblesse humaine, contemple la lumi\u00e8re de l\u2019immuable V\u00e9rit\u00e9 avec les yeux du c\u0153ur, du regard le plus p\u00e9n\u00e9trant et le plus ferme qui soit possible \u00e0 l\u2019homme. Attentif \u00e0 la divinit\u00e9 m\u00eame de Notre Seigneur J\u00e9sus-Christ, par laquelle Il est \u00e9gal au P\u00e8re ; Jean s\u2019est efforc\u00e9 principalement, dans son \u00c9vangile, de la manifester autant que, homme parmi les hommes, il l\u2019a cru n\u00e9cessaire. De ce vol de Jean, il est dit au Livre de Job : \u00ab L\u2019aigle \u2013 c\u2019est-\u00e0-dire Jean \u2013 s\u2019\u00e9l\u00e8vera-t-il en haut \u00bb (Jb 38,27), et encore : \u00ab ses yeux per\u00e7ants voient de loin \u00bb (Jb 39,29), car, du regard de l\u2019esprit, il contemple le Verbe m\u00eame de Dieu dans le sein du P\u00e8re.<\/p>\n<p>Le privil\u00e8ge de Jean fut d\u2019\u00eatre parmi tous les disciples du Seigneur, celui qui fut le plus aim\u00e9 par le Christ : Jean fut en effet \u00ab le disciple que J\u00e9sus aimait \u00bb (Jn 21,20) comme lui-m\u00eame l\u2019a dit sans se nommer. Le Christ a donc r\u00e9v\u00e9l\u00e9 ses secrets de fa\u00e7on toute sp\u00e9ciale \u00e0 ce disciple tr\u00e8s sp\u00e9cialement aim\u00e9. C\u2019est lui qui, voyant plus parfaitement la lumi\u00e8re du Verbe, nous la manifeste en disant : \u00ab Il \u00e9tait la lumi\u00e8re, la vraie, qui illumine tout homme venant en ce monde \u00bb (Jn 1,9).<\/p>\n<h3 class=\"GospelCommentaryAuthor-name commentary-author font-2\">Saint Thomas d&rsquo;Aquin (1225-1274)<\/h3>\n<p>&nbsp;<\/p>\n<p>&nbsp;<\/p>\n<p>&nbsp;<\/p>\n<p>&nbsp;<\/p>\n","protected":false},"excerpt":{"rendered":"<p>Le symbole de Jean est l\u2019aigle. Voici pourquoi : les trois autres \u00e9vang\u00e9listes se sont occup\u00e9s de ce que le Christ a accompli dans la chair et ils sont d\u00e9sign\u00e9s par des vivants qui marchent sur la terre, \u00e0 savoir par l\u2019homme, le b\u0153uf et le lion ; Jean, lui, volant comme un aigle au-dessus [&hellip;]<\/p>\n","protected":false},"author":2,"featured_media":0,"comment_status":"closed","ping_status":"closed","sticky":false,"template":"","format":"standard","meta":{"footnotes":""},"categories":[3,28],"tags":[1686,83,388,1041,1082],"class_list":["post-25068","post","type-post","status-publish","format-standard","hentry","category-liturgique","category-saints-et-saintes","tag-aigle","tag-apotre","tag-evangeliste","tag-st-jean","tag-st-thomas-daquin"],"_links":{"self":[{"href":"https:\/\/www.associationdemarie.org\/blog\/wp-json\/wp\/v2\/posts\/25068","targetHints":{"allow":["GET"]}}],"collection":[{"href":"https:\/\/www.associationdemarie.org\/blog\/wp-json\/wp\/v2\/posts"}],"about":[{"href":"https:\/\/www.associationdemarie.org\/blog\/wp-json\/wp\/v2\/types\/post"}],"author":[{"embeddable":true,"href":"https:\/\/www.associationdemarie.org\/blog\/wp-json\/wp\/v2\/users\/2"}],"replies":[{"embeddable":true,"href":"https:\/\/www.associationdemarie.org\/blog\/wp-json\/wp\/v2\/comments?post=25068"}],"version-history":[{"count":2,"href":"https:\/\/www.associationdemarie.org\/blog\/wp-json\/wp\/v2\/posts\/25068\/revisions"}],"predecessor-version":[{"id":25071,"href":"https:\/\/www.associationdemarie.org\/blog\/wp-json\/wp\/v2\/posts\/25068\/revisions\/25071"}],"wp:attachment":[{"href":"https:\/\/www.associationdemarie.org\/blog\/wp-json\/wp\/v2\/media?parent=25068"}],"wp:term":[{"taxonomy":"category","embeddable":true,"href":"https:\/\/www.associationdemarie.org\/blog\/wp-json\/wp\/v2\/categories?post=25068"},{"taxonomy":"post_tag","embeddable":true,"href":"https:\/\/www.associationdemarie.org\/blog\/wp-json\/wp\/v2\/tags?post=25068"}],"curies":[{"name":"wp","href":"https:\/\/api.w.org\/{rel}","templated":true}]}}