{"id":25046,"date":"2024-12-21T01:00:53","date_gmt":"2024-12-21T00:00:53","guid":{"rendered":"http:\/\/www.associationdemarie.org\/blog\/?p=25046"},"modified":"2024-12-07T09:02:49","modified_gmt":"2024-12-07T08:02:49","slug":"comment-ai-je-ce-bonheur-que-la-mere-de-mon-seigneur-vienne-jusqua-moi-3","status":"publish","type":"post","link":"https:\/\/www.associationdemarie.org\/blog\/comment-ai-je-ce-bonheur-que-la-mere-de-mon-seigneur-vienne-jusqua-moi-3\/","title":{"rendered":"\u00ab Comment ai-je ce bonheur que la m\u00e8re de mon Seigneur vienne jusqu&rsquo;\u00e0 moi ? \u00bb"},"content":{"rendered":"<p><img loading=\"lazy\" decoding=\"async\" class=\"aligncenter  wp-image-25047\" src=\"https:\/\/www.associationdemarie.org\/blog\/wp-content\/uploads\/2024\/12\/21-12-1024x1000.jpg\" alt=\"\" width=\"492\" height=\"481\" srcset=\"https:\/\/www.associationdemarie.org\/blog\/wp-content\/uploads\/2024\/12\/21-12.jpg 1024w, https:\/\/www.associationdemarie.org\/blog\/wp-content\/uploads\/2024\/12\/21-12-300x293.jpg 300w, https:\/\/www.associationdemarie.org\/blog\/wp-content\/uploads\/2024\/12\/21-12-768x750.jpg 768w\" sizes=\"auto, (max-width: 492px) 100vw, 492px\" \/><\/p>\n<p>\u00ab Tu es b\u00e9nie entre les femmes et b\u00e9ni le fruit de ton sein. \u00bb (&#8230;) Voici, en effet, que les g\u00e9n\u00e9rations te disent bienheureuse comme tu l&rsquo;as d\u00e9clar\u00e9 (Lc 1,42). Les filles de J\u00e9rusalem, c&rsquo;est-\u00e0-dire de l&rsquo;\u00c9glise, t&rsquo;ont vue et ont proclam\u00e9 ton bonheur. (&#8230;) Car tu es le tr\u00f4ne royal pr\u00e8s duquel se tenaient les anges contemplant leur Ma\u00eetre et Cr\u00e9ateur qui y \u00e9tait assis (Dn 7,9). Tu es devenue l&rsquo;\u00c9den spirituel, plus sacr\u00e9 et plus divin que l&rsquo;ancien. Dans le premier habitait l&rsquo;Adam terrestre, en toi, c&rsquo;est le Seigneur venu du ciel (1Co 15,47). L&rsquo;arche de No\u00e9 t&rsquo;a pr\u00e9figur\u00e9e, elle qui a sauv\u00e9 le germe de la seconde cr\u00e9ation, car tu as enfant\u00e9 le Christ, le salut du monde, qui a submerg\u00e9 le p\u00e9ch\u00e9 et apais\u00e9 les flots.<\/p>\n<p>D&rsquo;avance, c&rsquo;est toi que le buisson ardent a d\u00e9peinte, que les tables \u00e9crites par Dieu ont dessin\u00e9e (Ex 31,18), que l&rsquo;arche de la loi a racont\u00e9e ; c&rsquo;est toi que l&rsquo;urne d&rsquo;or, le cand\u00e9labre, (&#8230;) et le rameau d&rsquo;Aaron qui avait fleuri (Nb 17,23) ont manifestement pr\u00e9figur\u00e9e. (&#8230;) J&rsquo;allais omettre l&rsquo;\u00e9chelle de Jacob. Comme Jacob a vu le ciel r\u00e9uni \u00e0 la terre par les extr\u00e9mit\u00e9s de l&rsquo;\u00e9chelle, et par elle les anges descendre et monter, et celui qui est r\u00e9ellement le fort et l&rsquo;invincible engager avec lui une lutte symbolique, ainsi toi-m\u00eame tu es devenue la m\u00e9diatrice et l&rsquo;\u00e9chelle par laquelle Dieu est descendu vers nous et a pris sur lui la faiblesse de notre substance, l&#8217;embrassant et se l&rsquo;unissant \u00e9troitement.<\/p>\n<h3 class=\"GospelCommentaryAuthor-name commentary-author font-2\">Saint Jean de Damas (v. 675-749)<\/h3>\n<p>&nbsp;<\/p>\n<p>&nbsp;<\/p>\n<p>&nbsp;<\/p>\n","protected":false},"excerpt":{"rendered":"<p>\u00ab Tu es b\u00e9nie entre les femmes et b\u00e9ni le fruit de ton sein. \u00bb (&#8230;) Voici, en effet, que les g\u00e9n\u00e9rations te disent bienheureuse comme tu l&rsquo;as d\u00e9clar\u00e9 (Lc 1,42). Les filles de J\u00e9rusalem, c&rsquo;est-\u00e0-dire de l&rsquo;\u00c9glise, t&rsquo;ont vue et ont proclam\u00e9 ton bonheur. (&#8230;) Car tu es le tr\u00f4ne royal pr\u00e8s duquel se [&hellip;]<\/p>\n","protected":false},"author":2,"featured_media":0,"comment_status":"closed","ping_status":"closed","sticky":false,"template":"","format":"standard","meta":{"footnotes":""},"categories":[3,28],"tags":[127,1044,1195],"class_list":["post-25046","post","type-post","status-publish","format-standard","hentry","category-liturgique","category-saints-et-saintes","tag-avent","tag-st-jean-de-damas","tag-visitation"],"_links":{"self":[{"href":"https:\/\/www.associationdemarie.org\/blog\/wp-json\/wp\/v2\/posts\/25046","targetHints":{"allow":["GET"]}}],"collection":[{"href":"https:\/\/www.associationdemarie.org\/blog\/wp-json\/wp\/v2\/posts"}],"about":[{"href":"https:\/\/www.associationdemarie.org\/blog\/wp-json\/wp\/v2\/types\/post"}],"author":[{"embeddable":true,"href":"https:\/\/www.associationdemarie.org\/blog\/wp-json\/wp\/v2\/users\/2"}],"replies":[{"embeddable":true,"href":"https:\/\/www.associationdemarie.org\/blog\/wp-json\/wp\/v2\/comments?post=25046"}],"version-history":[{"count":2,"href":"https:\/\/www.associationdemarie.org\/blog\/wp-json\/wp\/v2\/posts\/25046\/revisions"}],"predecessor-version":[{"id":25049,"href":"https:\/\/www.associationdemarie.org\/blog\/wp-json\/wp\/v2\/posts\/25046\/revisions\/25049"}],"wp:attachment":[{"href":"https:\/\/www.associationdemarie.org\/blog\/wp-json\/wp\/v2\/media?parent=25046"}],"wp:term":[{"taxonomy":"category","embeddable":true,"href":"https:\/\/www.associationdemarie.org\/blog\/wp-json\/wp\/v2\/categories?post=25046"},{"taxonomy":"post_tag","embeddable":true,"href":"https:\/\/www.associationdemarie.org\/blog\/wp-json\/wp\/v2\/tags?post=25046"}],"curies":[{"name":"wp","href":"https:\/\/api.w.org\/{rel}","templated":true}]}}