{"id":25029,"date":"2024-12-16T01:32:43","date_gmt":"2024-12-16T00:32:43","guid":{"rendered":"http:\/\/www.associationdemarie.org\/blog\/?p=25029"},"modified":"2024-12-02T07:34:35","modified_gmt":"2024-12-02T06:34:35","slug":"reconnaitre-la-voix-reconnaitre-la-parole-2","status":"publish","type":"post","link":"https:\/\/www.associationdemarie.org\/blog\/reconnaitre-la-voix-reconnaitre-la-parole-2\/","title":{"rendered":"Reconna\u00eetre la voix ; reconna\u00eetre la Parole"},"content":{"rendered":"<p><img loading=\"lazy\" decoding=\"async\" class=\"aligncenter  wp-image-25030\" src=\"https:\/\/www.associationdemarie.org\/blog\/wp-content\/uploads\/2024\/12\/16-12.jpg\" alt=\"\" width=\"467\" height=\"467\" srcset=\"https:\/\/www.associationdemarie.org\/blog\/wp-content\/uploads\/2024\/12\/16-12.jpg 550w, https:\/\/www.associationdemarie.org\/blog\/wp-content\/uploads\/2024\/12\/16-12-150x150.jpg 150w, https:\/\/www.associationdemarie.org\/blog\/wp-content\/uploads\/2024\/12\/16-12-300x300.jpg 300w\" sizes=\"auto, (max-width: 467px) 100vw, 467px\" \/><\/p>\n<p>Il est difficile de distinguer la parole de la voix, et c&rsquo;est pourquoi on a pris Jean pour le Christ. On a pris la voix pour la parole ; mais la voix s&rsquo;est fait conna\u00eetre afin de ne pas faire obstacle \u00e0 la parole. \u00ab Je ne suis pas le Messie, ni \u00c9lie, ni le grand Proph\u00e8te. \u00bb On lui r\u00e9plique : \u00ab Qui es-tu donc ? \u00bb Il r\u00e9pond : \u00ab Je suis la voix qui crie \u00e0 travers le d\u00e9sert \u00bb (Jn 1,23)&#8230;<\/p>\n<p>Il est la voix qui rompt le silence : \u00ab Pr\u00e9parez la route pour le Seigneur \u00bb. Cela revient \u00e0 dire : \u00ab Moi, je retentis pour faire entrer le Seigneur dans le c\u0153ur ; mais il ne daignera pas y venir, si vous ne pr\u00e9parez pas la route \u00bb. Que signifie : \u00ab Pr\u00e9parez la route \u00bb, sinon : \u00ab Priez comme il faut \u00bb ? Que signifie : \u00ab Pr\u00e9parez la route \u00bb, sinon : \u00ab Ayez des pens\u00e9es humbles \u00bb ?<\/p>\n<p>Jean le pr\u00e9curseur vous donne lui-m\u00eame un exemple d&rsquo;humilit\u00e9. On le prend pour le Messie, il affirme qu&rsquo;il n&rsquo;est pas ce qu&rsquo;on pense, et il ne profite pas de l&rsquo;erreur d&rsquo;autrui pour se faire valoir. S&rsquo;il avait dit : \u00ab Je suis le Messie \u00bb, on l&rsquo;aurait cru tr\u00e8s facilement puisqu&rsquo;on le croyait avant m\u00eame qu&rsquo;il ne parle. Il l&rsquo;a ni\u00e9 : il s&rsquo;est fait conna\u00eetre, il s&rsquo;est distingu\u00e9 du Christ, il s&rsquo;est abaiss\u00e9. Il a vu o\u00f9 se trouvait le salut. Il a compris qu&rsquo;il n&rsquo;\u00e9tait que la lampe (Jn 5,35), et il a craint qu&rsquo;elle ne soit \u00e9teinte par le vent de l&rsquo;orgueil.<\/p>\n<h3 class=\"GospelCommentaryAuthor-name commentary-author font-2\">Saint Augustin (354-430)<\/h3>\n<p>&nbsp;<\/p>\n<p>&nbsp;<\/p>\n<p>&nbsp;<\/p>\n","protected":false},"excerpt":{"rendered":"<p>Il est difficile de distinguer la parole de la voix, et c&rsquo;est pourquoi on a pris Jean pour le Christ. On a pris la voix pour la parole ; mais la voix s&rsquo;est fait conna\u00eetre afin de ne pas faire obstacle \u00e0 la parole. \u00ab Je ne suis pas le Messie, ni \u00c9lie, ni le [&hellip;]<\/p>\n","protected":false},"author":2,"featured_media":0,"comment_status":"closed","ping_status":"closed","sticky":false,"template":"","format":"standard","meta":{"footnotes":""},"categories":[13,1261],"tags":[127,1012,1042,1201],"class_list":["post-25029","post","type-post","status-publish","format-standard","hentry","category-ecritures","category-enseignement-2","tag-avent","tag-st-augustin","tag-st-jean-baptiste","tag-voix-de-dieu"],"_links":{"self":[{"href":"https:\/\/www.associationdemarie.org\/blog\/wp-json\/wp\/v2\/posts\/25029","targetHints":{"allow":["GET"]}}],"collection":[{"href":"https:\/\/www.associationdemarie.org\/blog\/wp-json\/wp\/v2\/posts"}],"about":[{"href":"https:\/\/www.associationdemarie.org\/blog\/wp-json\/wp\/v2\/types\/post"}],"author":[{"embeddable":true,"href":"https:\/\/www.associationdemarie.org\/blog\/wp-json\/wp\/v2\/users\/2"}],"replies":[{"embeddable":true,"href":"https:\/\/www.associationdemarie.org\/blog\/wp-json\/wp\/v2\/comments?post=25029"}],"version-history":[{"count":2,"href":"https:\/\/www.associationdemarie.org\/blog\/wp-json\/wp\/v2\/posts\/25029\/revisions"}],"predecessor-version":[{"id":25032,"href":"https:\/\/www.associationdemarie.org\/blog\/wp-json\/wp\/v2\/posts\/25029\/revisions\/25032"}],"wp:attachment":[{"href":"https:\/\/www.associationdemarie.org\/blog\/wp-json\/wp\/v2\/media?parent=25029"}],"wp:term":[{"taxonomy":"category","embeddable":true,"href":"https:\/\/www.associationdemarie.org\/blog\/wp-json\/wp\/v2\/categories?post=25029"},{"taxonomy":"post_tag","embeddable":true,"href":"https:\/\/www.associationdemarie.org\/blog\/wp-json\/wp\/v2\/tags?post=25029"}],"curies":[{"name":"wp","href":"https:\/\/api.w.org\/{rel}","templated":true}]}}